{"id":10460,"date":"2011-09-13T12:00:41","date_gmt":"2011-09-13T18:00:41","guid":{"rendered":"http:\/\/quechilero.com\/blog\/?p=10460"},"modified":"2011-09-13T12:00:41","modified_gmt":"2011-09-13T18:00:41","slug":"historia-del-rabino","status":"publish","type":"post","link":"https:\/\/quechilero.com\/blog\/2011\/09\/13\/historia-del-rabino\/","title":{"rendered":"Historia del rabino"},"content":{"rendered":"<p id=\"yui_3_2_0_1_1315238395988190\">Cierta comunidad jud\u00eda estaba intrigada porque su rabino desaparec\u00eda siempre la v\u00edspera del s\u00e1bado. Sospechando que se encontraba en secreto con el Todopoderoso encargaron a alguien que le siguiera.<\/p>\n<p>As\u00ed lo hizo el \u00abesp\u00eda\u00bb y comprob\u00f3 que el viernes, el rabino se disfrazaba de campesino. Luego iba a la casa de una anciana pagana paral\u00edtica, limpiaba su caba\u00f1a y la atend\u00eda con amor. Cuando el \u00abesp\u00eda\u00bb regres\u00f3, la congregaci\u00f3n le pregunt\u00f3, \u00bfa d\u00f3nde ha ido el rabino? \u00bfLe has visto ascender al cielo? No, respondi\u00f3 el otro, ha subido a\u00fan m\u00e1s arriba\u00bb<\/p>\n<p id=\"yui_3_2_0_1_1315238395988194\">Como los muros que separan las religiones no llegan hasta el cielo, Dios tiene amigos en todas ellas. Somos nosotros los que nos dividimos y llamamos con distintos nombres al \u00fanico y verdadero Dios. Alg\u00fan d\u00eda el amor, que es lo esencial, nos unir\u00e1 y no discutiremos por cosas accidentales.<\/p>\n","protected":false},"excerpt":{"rendered":"<p>Cierta comunidad jud\u00eda estaba intrigada porque su rabino desaparec\u00eda siempre la v\u00edspera del s\u00e1bado. Sospechando que se encontraba en secreto con el Todopoderoso encargaron a alguien que le siguiera. As\u00ed lo hizo el \u00abesp\u00eda\u00bb y comprob\u00f3 que el viernes, el rabino se disfrazaba de campesino. Luego iba a la casa de una anciana pagana paral\u00edtica, &#8230; <a title=\"Historia del rabino\" class=\"read-more\" href=\"https:\/\/quechilero.com\/blog\/2011\/09\/13\/historia-del-rabino\/\" aria-label=\"Leer m\u00e1s sobre Historia del rabino\">Leer m\u00e1s<\/a><\/p>\n","protected":false},"author":1,"featured_media":0,"comment_status":"open","ping_status":"open","sticky":false,"template":"","format":"standard","meta":{"advanced_seo_description":"","jetpack_seo_html_title":"","jetpack_seo_noindex":false,"jetpack_seo_schema_type":"","episode_type":"","audio_file":"","podmotor_file_id":"","podmotor_episode_id":"","cover_image":"","cover_image_id":"","duration":"","filesize":"","filesize_raw":"","date_recorded":"","explicit":"","block":"","_jetpack_newsletter_access":"","_jetpack_dont_email_post_to_subs":false,"_jetpack_newsletter_tier_id":0,"_jetpack_memberships_contains_paywalled_content":false,"_jetpack_feature_clip_id":0,"_jetpack_memberships_contains_paid_content":false,"footnotes":"","jetpack_publicize_message":"","jetpack_publicize_feature_enabled":true,"jetpack_social_post_already_shared":false,"jetpack_social_options":{"image_generator_settings":{"template":"highway","default_image_id":0,"font":"","enabled":false},"version":2},"jetpack_post_was_ever_published":false},"categories":[2],"tags":[11,15,12,51,17,41],"series":[],"class_list":["post-10460","post","type-post","status-publish","format-standard","hentry","category-limones","tag-amigo","tag-amor","tag-cosas","tag-dios","tag-historia","tag-verdad"],"episode_featured_image":false,"episode_player_image":"https:\/\/i0.wp.com\/quechilero.com\/blog\/imagenes\/podcast.png?fit=1831%2C1831&ssl=1","download_link":"","player_link":"","audio_player":false,"episode_data":{"playerMode":"dark","subscribeUrls":{"amazon":{"key":"amazon","url":"","label":"Amazon","class":"amazon","icon":"amazon.png"},"apple_podcasts":{"key":"apple_podcasts","url":"","label":"Apple Podcasts","class":"apple_podcasts","icon":"apple-podcasts.png"},"castbox":{"key":"castbox","url":"","label":"CastBox","class":"castbox","icon":"castbox.png"},"deezer":{"key":"deezer","url":"","label":"Deezer","class":"deezer","icon":"deezer.png"},"google_podcasts":{"key":"google_podcasts","url":"","label":"Google Podcasts","class":"google_podcasts","icon":"google-podcasts.png"},"listen_notes":{"key":"listen_notes","url":"","label":"Listen Notes","class":"listen_notes","icon":"listen-notes.png"},"pandora":{"key":"pandora","url":"","label":"Pandora","class":"pandora","icon":"pandora.png"},"podbean":{"key":"podbean","url":"","label":"Podbean","class":"podbean","icon":"podbean.png"},"podcast_republic":{"key":"podcast_republic","url":"","label":"Podcast Republic","class":"podcast_republic","icon":"podcast-republic.png"},"rss":{"key":"rss","url":"","label":"RSS","class":"rss","icon":"rss.png"},"spotify":{"key":"spotify","url":"","label":"Spotify","class":"spotify","icon":"spotify.png"},"stitcher":{"key":"stitcher","url":"","label":"Stitcher","class":"stitcher","icon":"stitcher.png"},"tunein":{"key":"tunein","url":"","label":"TuneIn","class":"tunein","icon":"tunein.png"},"youtube":{"key":"youtube","url":"","label":"YouTube","class":"youtube","icon":"youtube.png"},"iheartradio":{"key":"iheartradio","url":"","label":"iHeartRadio","class":"iheartradio","icon":"iheartradio.png"},"ivoox":{"key":"ivoox","url":"","label":"iVoox","class":"ivoox","icon":"ivoox.png"}},"rssFeedUrl":"https:\/\/quechilero.com\/blog\/feed\/podcast\/si-la-vida-nos-da-limones","embedCode":"<blockquote class=\"wp-embedded-content\" data-secret=\"JhTKdQgvSs\"><a href=\"https:\/\/quechilero.com\/blog\/2011\/09\/13\/historia-del-rabino\/\">Historia del rabino<\/a><\/blockquote><iframe sandbox=\"allow-scripts\" security=\"restricted\" src=\"https:\/\/quechilero.com\/blog\/2011\/09\/13\/historia-del-rabino\/embed\/#?secret=JhTKdQgvSs\" width=\"500\" height=\"350\" title=\"\u00abHistoria del rabino\u00bb \u2014 Si la Vida nos da Limones...\" data-secret=\"JhTKdQgvSs\" frameborder=\"0\" marginwidth=\"0\" marginheight=\"0\" scrolling=\"no\" class=\"wp-embedded-content\"><\/iframe><script>\n\/*! This file is auto-generated *\/\n!function(d,l){\"use strict\";l.querySelector&&d.addEventListener&&\"undefined\"!=typeof URL&&(d.wp=d.wp||{},d.wp.receiveEmbedMessage||(d.wp.receiveEmbedMessage=function(e){var t=e.data;if((t||t.secret||t.message||t.value)&&!\/[^a-zA-Z0-9]\/.test(t.secret)){for(var s,r,n,a=l.querySelectorAll('iframe[data-secret=\"'+t.secret+'\"]'),o=l.querySelectorAll('blockquote[data-secret=\"'+t.secret+'\"]'),c=new RegExp(\"^https?:$\",\"i\"),i=0;i<o.length;i++)o[i].style.display=\"none\";for(i=0;i<a.length;i++)s=a[i],e.source===s.contentWindow&&(s.removeAttribute(\"style\"),\"height\"===t.message?(1e3<(r=parseInt(t.value,10))?r=1e3:~~r<200&&(r=200),s.height=r):\"link\"===t.message&&(r=new URL(s.getAttribute(\"src\")),n=new URL(t.value),c.test(n.protocol))&&n.host===r.host&&l.activeElement===s&&(d.top.location.href=t.value))}},d.addEventListener(\"message\",d.wp.receiveEmbedMessage,!1),l.addEventListener(\"DOMContentLoaded\",function(){for(var e,t,s=l.querySelectorAll(\"iframe.wp-embedded-content\"),r=0;r<s.length;r++)(t=(e=s[r]).getAttribute(\"data-secret\"))||(t=Math.random().toString(36).substring(2,12),e.src+=\"#?secret=\"+t,e.setAttribute(\"data-secret\",t)),e.contentWindow.postMessage({message:\"ready\",secret:t},\"*\")},!1)))}(window,document);\n\/\/# sourceURL=https:\/\/quechilero.com\/blog\/wp-includes\/js\/wp-embed.min.js\n<\/script>\n"},"jetpack_publicize_connections":[],"jetpack_shortlink":"https:\/\/wp.me\/pDKli-2II","jetpack_sharing_enabled":true,"jetpack-related-posts":[{"id":19927,"url":"https:\/\/quechilero.com\/blog\/2015\/03\/21\/el-rabino-y-la-plata\/","url_meta":{"origin":10460,"position":0},"title":"El rabino y la plata","author":"Pepe Barrascout Ortiz","date":"21 marzo 2015","format":false,"excerpt":"Un d\u00eda, el rabino Egl\u00f3n recibi\u00f3 la visita de un hombre muy religioso, muy rico y muy avaro. El rabino lo llev\u00f3 a una ventana. - \u00bfQu\u00e9 ves? -le pregunt\u00f3. - Veo gente -le respondi\u00f3 el rico. Entonces el rabino lo llev\u00f3 ante el espejo. - \u00bfY ahora qu\u00e9 ves?\u2026","rel":"","context":"En \u00abLimones\u00bb","block_context":{"text":"Limones","link":"https:\/\/quechilero.com\/blog\/category\/limones\/"},"img":{"alt_text":"","src":"","width":0,"height":0},"classes":[]},{"id":10476,"url":"https:\/\/quechilero.com\/blog\/2011\/09\/30\/un-lugar-en-el-bosque\/","url_meta":{"origin":10460,"position":1},"title":"Un lugar en el bosque","author":"Pepe Barrascout Ortiz","date":"30 septiembre 2011","format":false,"excerpt":"Baal Shem Tov era un rabino muy conocido. Ya era tradici\u00f3n que aquellos que tuvieran un problema fueran a verlo. Baal Shem Tov se reun\u00eda con ellos una vez por a\u00f1o. Y los llevaba a un secreto lugar, en medio del bosque. Cuenta la leyenda que una vez all\u00ed, Baal\u2026","rel":"","context":"En \u00abLimones\u00bb","block_context":{"text":"Limones","link":"https:\/\/quechilero.com\/blog\/category\/limones\/"},"img":{"alt_text":"","src":"","width":0,"height":0},"classes":[]},{"id":20096,"url":"https:\/\/quechilero.com\/blog\/2015\/05\/07\/pueden-las-dificultades-de-la-vida-hacerme-mas-fuerte\/","url_meta":{"origin":10460,"position":2},"title":"\u00bfPueden las dificultades de la vida hacerme m\u00e1s fuerte?","author":"Pepe Barrascout Ortiz","date":"7 mayo 2015","format":false,"excerpt":"Cuando Aaron ten\u00eda siete meses de edad, \u00e9l dej\u00f3 de ganar peso. Unos pocos meses despu\u00e9s, su cabello comenz\u00f3 a caerse. Al principio, los m\u00e9dicos les dijeron a los padres de Aaron que \u00e9l iba a ser bajito de adulto, pero que por lo dem\u00e1s, era normal. Luego un pediatra\u2026","rel":"","context":"En \u00abLimones\u00bb","block_context":{"text":"Limones","link":"https:\/\/quechilero.com\/blog\/category\/limones\/"},"img":{"alt_text":"","src":"","width":0,"height":0},"classes":[]},{"id":20040,"url":"https:\/\/quechilero.com\/blog\/2015\/04\/11\/los-angeles-del-cielo\/","url_meta":{"origin":10460,"position":3},"title":"Los \u00e1ngeles del cielo","author":"Pepe Barrascout Ortiz","date":"11 abril 2015","format":false,"excerpt":"Dios desea que algunos \u00e1ngeles intervengan en nuestras vidas. Por eso en la Biblia encontramos la narraci\u00f3n de presencias ang\u00e9licas. Especialmente bella resulta la salida de san Pedro de la c\u00e1rcel, guiado por un \u00e1ngel. Ya en la calle exclama fuera de s\u00ed: \"Ahora me doy cuenta realmente de que\u2026","rel":"","context":"En \u00abLimones\u00bb","block_context":{"text":"Limones","link":"https:\/\/quechilero.com\/blog\/category\/limones\/"},"img":{"alt_text":"","src":"","width":0,"height":0},"classes":[]},{"id":7595,"url":"https:\/\/quechilero.com\/blog\/2011\/03\/27\/reflexiones-de-cuaresma-dia-19\/","url_meta":{"origin":10460,"position":4},"title":"Reflexiones de Cuaresma d\u00eda 19","author":"Pepe Barrascout Ortiz","date":"27 marzo 2011","format":false,"excerpt":"Oraci\u00f3n inicial Se\u00f1or m\u00edo, Jesucristo, creo firmemente que est\u00e1s aqu\u00ed; en estos pocos minutos de oraci\u00f3n que empiezo ahora quiero pedirte y agradecerte. Pedirte\u00a0la gracia de darme m\u00e1s cuenta de que T\u00fa vives, me escuchas y me amas; tanto, que has querido morir libremente por m\u00ed en la cruz y\u2026","rel":"","context":"En \u00abLimones por mano\u00bb","block_context":{"text":"Limones por mano","link":"https:\/\/quechilero.com\/blog\/category\/limones-por-mano\/"},"img":{"alt_text":"","src":"","width":0,"height":0},"classes":[]},{"id":12448,"url":"https:\/\/quechilero.com\/blog\/2012\/06\/16\/el-si\/","url_meta":{"origin":10460,"position":5},"title":"El S\u00ed","author":"Pepe Barrascout Ortiz","date":"16 junio 2012","format":false,"excerpt":"Dos letras que expresan mil cosas: aceptar, aprobar, realizar, hacer, asumir, optar, decidir. Decir S\u00cd, tambi\u00e9n implica compromiso, alianza, reto, lucha. El S\u00cd cambia la vida de quien lo pronuncia y de quien lo espera. Mar\u00eda, nuestra Madre del Cielo, pronunci\u00f3 un S\u00cd que transform\u00f3 la historia de la humanidad.\u2026","rel":"","context":"En \u00abLimones\u00bb","block_context":{"text":"Limones","link":"https:\/\/quechilero.com\/blog\/category\/limones\/"},"img":{"alt_text":"","src":"","width":0,"height":0},"classes":[]}],"jetpack_featured_media_url":"","_links":{"self":[{"href":"https:\/\/quechilero.com\/blog\/wp-json\/wp\/v2\/posts\/10460","targetHints":{"allow":["GET"]}}],"collection":[{"href":"https:\/\/quechilero.com\/blog\/wp-json\/wp\/v2\/posts"}],"about":[{"href":"https:\/\/quechilero.com\/blog\/wp-json\/wp\/v2\/types\/post"}],"author":[{"embeddable":true,"href":"https:\/\/quechilero.com\/blog\/wp-json\/wp\/v2\/users\/1"}],"replies":[{"embeddable":true,"href":"https:\/\/quechilero.com\/blog\/wp-json\/wp\/v2\/comments?post=10460"}],"version-history":[{"count":0,"href":"https:\/\/quechilero.com\/blog\/wp-json\/wp\/v2\/posts\/10460\/revisions"}],"wp:attachment":[{"href":"https:\/\/quechilero.com\/blog\/wp-json\/wp\/v2\/media?parent=10460"}],"wp:term":[{"taxonomy":"category","embeddable":true,"href":"https:\/\/quechilero.com\/blog\/wp-json\/wp\/v2\/categories?post=10460"},{"taxonomy":"post_tag","embeddable":true,"href":"https:\/\/quechilero.com\/blog\/wp-json\/wp\/v2\/tags?post=10460"},{"taxonomy":"series","embeddable":true,"href":"https:\/\/quechilero.com\/blog\/wp-json\/wp\/v2\/series?post=10460"}],"curies":[{"name":"wp","href":"https:\/\/api.w.org\/{rel}","templated":true}]}}