{"id":10456,"date":"2011-09-11T10:00:15","date_gmt":"2011-09-11T16:00:15","guid":{"rendered":"http:\/\/quechilero.com\/blog\/?p=10456"},"modified":"2011-09-11T10:00:15","modified_gmt":"2011-09-11T16:00:15","slug":"era-bueno-de-verdad","status":"publish","type":"post","link":"https:\/\/quechilero.com\/blog\/2011\/09\/11\/era-bueno-de-verdad\/","title":{"rendered":"Era bueno de verdad"},"content":{"rendered":"<p>Dos hermanos acusaron a un joven de haber matado a su padre. El joven fue condenado a muerte, pero pidi\u00f3 ausentarse por tres d\u00edas, para atender a un sobrino peque\u00f1o que se le hab\u00eda confiado la crianza.<\/p>\n<p>&#8211; \u00bfY qui\u00e9n me garantiza su regreso? -pregunt\u00f3 el juez.<\/p>\n<p>&#8211; Yo respondo por \u00e9l -dijo uno de los presentes.<\/p>\n<p>Ya iban a ahorcar al garante, cuando apareci\u00f3 el culpable diciendo:<\/p>\n<p>&#8211; Aqu\u00ed estoy para cumplir mi deber. He querido ser fiel a fin de que no se diga:\u00a0<em>\u00a1La buena fe ha desaparecido entre los mortales!<\/em><\/p>\n<p>El otro a\u00f1adi\u00f3 que se hab\u00eda ofrecido para que no se dijera:\u00a0<em>\u00a1La generosidad ha cesado entre las personas!<\/em><\/p>\n<p>Los dos hermanos perdonaron al asesino para que no se dijera:\u00a0<em>\u00a1Los humanos han olvidado la virtud del perd\u00f3n!<\/em><\/p>\n<p id=\"yui_3_2_0_1_1315238395988162\"><strong><em>Tomado de \u00abLas mil y una noches\u00bb<\/em><\/strong><\/p>\n","protected":false},"excerpt":{"rendered":"<p>Dos hermanos acusaron a un joven de haber matado a su padre. El joven fue condenado a muerte, pero pidi\u00f3 ausentarse por tres d\u00edas, para atender a un sobrino peque\u00f1o que se le hab\u00eda confiado la crianza. &#8211; \u00bfY qui\u00e9n me garantiza su regreso? -pregunt\u00f3 el juez. &#8211; Yo respondo por \u00e9l -dijo uno de &#8230; <a title=\"Era bueno de verdad\" class=\"read-more\" href=\"https:\/\/quechilero.com\/blog\/2011\/09\/11\/era-bueno-de-verdad\/\" aria-label=\"Leer m\u00e1s sobre Era bueno de verdad\">Leer m\u00e1s<\/a><\/p>\n","protected":false},"author":1,"featured_media":0,"comment_status":"open","ping_status":"open","sticky":false,"template":"","format":"standard","meta":{"advanced_seo_description":"","jetpack_seo_html_title":"","jetpack_seo_noindex":false,"jetpack_seo_schema_type":"","episode_type":"","audio_file":"","podmotor_file_id":"","podmotor_episode_id":"","cover_image":"","cover_image_id":"","duration":"","filesize":"","filesize_raw":"","date_recorded":"","explicit":"","block":"","_jetpack_newsletter_access":"","_jetpack_dont_email_post_to_subs":false,"_jetpack_newsletter_tier_id":0,"_jetpack_memberships_contains_paywalled_content":false,"_jetpack_feature_clip_id":0,"_jetpack_memberships_contains_paid_content":false,"footnotes":"","jetpack_publicize_message":"","jetpack_publicize_feature_enabled":true,"jetpack_social_post_already_shared":false,"jetpack_social_options":{"image_generator_settings":{"template":"highway","default_image_id":0,"font":"","enabled":false},"version":2},"jetpack_post_was_ever_published":false},"categories":[2],"tags":[33,50,41,24],"series":[],"class_list":["post-10456","post","type-post","status-publish","format-standard","hentry","category-limones","tag-humanos","tag-muerte","tag-verdad","tag-vida"],"episode_featured_image":false,"episode_player_image":"https:\/\/i0.wp.com\/quechilero.com\/blog\/imagenes\/podcast.png?fit=1831%2C1831&ssl=1","download_link":"","player_link":"","audio_player":false,"episode_data":{"playerMode":"dark","subscribeUrls":{"amazon":{"key":"amazon","url":"","label":"Amazon","class":"amazon","icon":"amazon.png"},"apple_podcasts":{"key":"apple_podcasts","url":"","label":"Apple Podcasts","class":"apple_podcasts","icon":"apple-podcasts.png"},"castbox":{"key":"castbox","url":"","label":"CastBox","class":"castbox","icon":"castbox.png"},"deezer":{"key":"deezer","url":"","label":"Deezer","class":"deezer","icon":"deezer.png"},"google_podcasts":{"key":"google_podcasts","url":"","label":"Google Podcasts","class":"google_podcasts","icon":"google-podcasts.png"},"listen_notes":{"key":"listen_notes","url":"","label":"Listen Notes","class":"listen_notes","icon":"listen-notes.png"},"pandora":{"key":"pandora","url":"","label":"Pandora","class":"pandora","icon":"pandora.png"},"podbean":{"key":"podbean","url":"","label":"Podbean","class":"podbean","icon":"podbean.png"},"podcast_republic":{"key":"podcast_republic","url":"","label":"Podcast Republic","class":"podcast_republic","icon":"podcast-republic.png"},"rss":{"key":"rss","url":"","label":"RSS","class":"rss","icon":"rss.png"},"spotify":{"key":"spotify","url":"","label":"Spotify","class":"spotify","icon":"spotify.png"},"stitcher":{"key":"stitcher","url":"","label":"Stitcher","class":"stitcher","icon":"stitcher.png"},"tunein":{"key":"tunein","url":"","label":"TuneIn","class":"tunein","icon":"tunein.png"},"youtube":{"key":"youtube","url":"","label":"YouTube","class":"youtube","icon":"youtube.png"},"iheartradio":{"key":"iheartradio","url":"","label":"iHeartRadio","class":"iheartradio","icon":"iheartradio.png"},"ivoox":{"key":"ivoox","url":"","label":"iVoox","class":"ivoox","icon":"ivoox.png"}},"rssFeedUrl":"https:\/\/quechilero.com\/blog\/feed\/podcast\/si-la-vida-nos-da-limones","embedCode":"<blockquote class=\"wp-embedded-content\" data-secret=\"7MVm0z9ZZ9\"><a href=\"https:\/\/quechilero.com\/blog\/2011\/09\/11\/era-bueno-de-verdad\/\">Era bueno de verdad<\/a><\/blockquote><iframe sandbox=\"allow-scripts\" security=\"restricted\" src=\"https:\/\/quechilero.com\/blog\/2011\/09\/11\/era-bueno-de-verdad\/embed\/#?secret=7MVm0z9ZZ9\" width=\"500\" height=\"350\" title=\"\u00abEra bueno de verdad\u00bb \u2014 Si la Vida nos da Limones...\" data-secret=\"7MVm0z9ZZ9\" frameborder=\"0\" marginwidth=\"0\" marginheight=\"0\" scrolling=\"no\" class=\"wp-embedded-content\"><\/iframe><script>\n\/*! This file is auto-generated *\/\n!function(d,l){\"use strict\";l.querySelector&&d.addEventListener&&\"undefined\"!=typeof URL&&(d.wp=d.wp||{},d.wp.receiveEmbedMessage||(d.wp.receiveEmbedMessage=function(e){var t=e.data;if((t||t.secret||t.message||t.value)&&!\/[^a-zA-Z0-9]\/.test(t.secret)){for(var s,r,n,a=l.querySelectorAll('iframe[data-secret=\"'+t.secret+'\"]'),o=l.querySelectorAll('blockquote[data-secret=\"'+t.secret+'\"]'),c=new RegExp(\"^https?:$\",\"i\"),i=0;i<o.length;i++)o[i].style.display=\"none\";for(i=0;i<a.length;i++)s=a[i],e.source===s.contentWindow&&(s.removeAttribute(\"style\"),\"height\"===t.message?(1e3<(r=parseInt(t.value,10))?r=1e3:~~r<200&&(r=200),s.height=r):\"link\"===t.message&&(r=new URL(s.getAttribute(\"src\")),n=new URL(t.value),c.test(n.protocol))&&n.host===r.host&&l.activeElement===s&&(d.top.location.href=t.value))}},d.addEventListener(\"message\",d.wp.receiveEmbedMessage,!1),l.addEventListener(\"DOMContentLoaded\",function(){for(var e,t,s=l.querySelectorAll(\"iframe.wp-embedded-content\"),r=0;r<s.length;r++)(t=(e=s[r]).getAttribute(\"data-secret\"))||(t=Math.random().toString(36).substring(2,12),e.src+=\"#?secret=\"+t,e.setAttribute(\"data-secret\",t)),e.contentWindow.postMessage({message:\"ready\",secret:t},\"*\")},!1)))}(window,document);\n\/\/# sourceURL=https:\/\/quechilero.com\/blog\/wp-includes\/js\/wp-embed.min.js\n<\/script>\n"},"jetpack_publicize_connections":[],"jetpack_shortlink":"https:\/\/wp.me\/pDKli-2IE","jetpack_sharing_enabled":true,"jetpack-related-posts":[{"id":17472,"url":"https:\/\/quechilero.com\/blog\/2013\/11\/29\/cesped-mas-verde\/","url_meta":{"origin":10456,"position":0},"title":"\u00bfC\u00e9sped m\u00e1s verde?","author":"Pepe Barrascout Ortiz","date":"29 noviembre 2013","format":false,"excerpt":"Un joven que acababa de graduarse de la Universidad, consigui\u00f3 una posici\u00f3n laboral con muy buen sueldo. Trabajaba mucho, observaba a los dem\u00e1s y aprend\u00eda de ellos. Amaba a su esposa y su familia aumentaba. Pero muy pronto comenz\u00f3 a quitarle tiempo a la familia para dedic\u00e1rselo al trabajo. Era\u2026","rel":"","context":"En \u00abLimones\u00bb","block_context":{"text":"Limones","link":"https:\/\/quechilero.com\/blog\/category\/limones\/"},"img":{"alt_text":"","src":"","width":0,"height":0},"classes":[]},{"id":16762,"url":"https:\/\/quechilero.com\/blog\/2013\/06\/13\/los-genios-no-preguntan\/","url_meta":{"origin":10456,"position":1},"title":"Los genios no preguntan","author":"Pepe Barrascout Ortiz","date":"13 junio 2013","format":false,"excerpt":"Un jovenzuelo, aspirante a m\u00fasico, pidi\u00f3 en cierta ocasi\u00f3n a Mozart que le dijera c\u00f3mo hab\u00eda de componer una sinfon\u00eda. - Eres muy joven -le contest\u00f3 Mozart-, \u00bfpor qu\u00e9 no comienzas con baladas? - T\u00fa compusiste sinfon\u00edas a la edad de diez a\u00f1os -le contest\u00f3 el joven. - S\u00ed -contest\u00f3\u2026","rel":"","context":"En \u00abLimones\u00bb","block_context":{"text":"Limones","link":"https:\/\/quechilero.com\/blog\/category\/limones\/"},"img":{"alt_text":"","src":"","width":0,"height":0},"classes":[]},{"id":482,"url":"https:\/\/quechilero.com\/blog\/2007\/04\/03\/como-pedir-perdon\/","url_meta":{"origin":10456,"position":2},"title":"C\u00f3mo pedir perd\u00f3n","author":"Pepe Barrascout Ortiz","date":"3 abril 2007","format":false,"excerpt":"Las disculpas sinceras y sus beneficios para la salud Todos conocemos ese sentimiento. Dijiste algo inapropiado sobre alguien y ese alguien se enter\u00f3. Tal vez, te ayudaste a ti mismo apropi\u00e1ndote del esfuerzo de otra persona. O, en una de esas, robaste. O mentiste. O le\u00edste el diario \u00edntimo de\u2026","rel":"","context":"En \u00abLimones\u00bb","block_context":{"text":"Limones","link":"https:\/\/quechilero.com\/blog\/category\/limones\/"},"img":{"alt_text":"","src":"","width":0,"height":0},"classes":[]},{"id":11460,"url":"https:\/\/quechilero.com\/blog\/2011\/12\/26\/una-navidad-sin-cristo-o-un-cristo-sin-navidad\/","url_meta":{"origin":10456,"position":3},"title":"\u00bfUna Navidad sin Cristo o un Cristo sin Navidad?","author":"Pepe Barrascout Ortiz","date":"26 diciembre 2011","format":false,"excerpt":"Cristo vino porque Dios nos ama y porque quiere hacer sentir su amor entre nosotros. Yo me siento orgulloso porque mi Buen Padre Dios me ama. \u00bfUna Navidad sin Cristo o un Cristo sin Navidad? Cristo en su Navidad es el puente tendido por Dios para acercarse a los hombres\u2026","rel":"","context":"En \u00abLimones\u00bb","block_context":{"text":"Limones","link":"https:\/\/quechilero.com\/blog\/category\/limones\/"},"img":{"alt_text":"","src":"","width":0,"height":0},"classes":[]},{"id":16355,"url":"https:\/\/quechilero.com\/blog\/2013\/03\/26\/resucito-cristo-mi-esperanza\/","url_meta":{"origin":10456,"position":4},"title":"Resucit\u00f3 Cristo, mi esperanza","author":"Pepe Barrascout Ortiz","date":"26 marzo 2013","format":false,"excerpt":"Llegue a todos vosotros la voz exultante de la Iglesia, con las palabras que el antiguo himno pone en labios de Mar\u00eda Magdalena, la primera en encontrar en la ma\u00f1a de Pascua a Jes\u00fas resucitado. \"Ella corri\u00f3 hacia los otros disc\u00edpulos y, con el coraz\u00f3n sobrecogido, les anunci\u00f3: He visto\u2026","rel":"","context":"En \u00abLimones\u00bb","block_context":{"text":"Limones","link":"https:\/\/quechilero.com\/blog\/category\/limones\/"},"img":{"alt_text":"","src":"","width":0,"height":0},"classes":[]},{"id":16022,"url":"https:\/\/quechilero.com\/blog\/2013\/02\/12\/una-nueva-luz\/","url_meta":{"origin":10456,"position":5},"title":"Una nueva Luz","author":"Pepe Barrascout Ortiz","date":"12 febrero 2013","format":false,"excerpt":"Los Markovitz era una de las pocas familias jud\u00edas que viv\u00edan en un apacible suburbio de Pensilvania cuyas calles se llenaban de luces navide\u00f1as en diciembre. Ellos en cambio, colocaban una menor\u00e1 (Candelabro jud\u00edo de nueve brazos) encendida en una ventana de su casa como recordatorio de que tambi\u00e9n era\u2026","rel":"","context":"En \u00abLimones\u00bb","block_context":{"text":"Limones","link":"https:\/\/quechilero.com\/blog\/category\/limones\/"},"img":{"alt_text":"","src":"","width":0,"height":0},"classes":[]}],"jetpack_featured_media_url":"","_links":{"self":[{"href":"https:\/\/quechilero.com\/blog\/wp-json\/wp\/v2\/posts\/10456","targetHints":{"allow":["GET"]}}],"collection":[{"href":"https:\/\/quechilero.com\/blog\/wp-json\/wp\/v2\/posts"}],"about":[{"href":"https:\/\/quechilero.com\/blog\/wp-json\/wp\/v2\/types\/post"}],"author":[{"embeddable":true,"href":"https:\/\/quechilero.com\/blog\/wp-json\/wp\/v2\/users\/1"}],"replies":[{"embeddable":true,"href":"https:\/\/quechilero.com\/blog\/wp-json\/wp\/v2\/comments?post=10456"}],"version-history":[{"count":0,"href":"https:\/\/quechilero.com\/blog\/wp-json\/wp\/v2\/posts\/10456\/revisions"}],"wp:attachment":[{"href":"https:\/\/quechilero.com\/blog\/wp-json\/wp\/v2\/media?parent=10456"}],"wp:term":[{"taxonomy":"category","embeddable":true,"href":"https:\/\/quechilero.com\/blog\/wp-json\/wp\/v2\/categories?post=10456"},{"taxonomy":"post_tag","embeddable":true,"href":"https:\/\/quechilero.com\/blog\/wp-json\/wp\/v2\/tags?post=10456"},{"taxonomy":"series","embeddable":true,"href":"https:\/\/quechilero.com\/blog\/wp-json\/wp\/v2\/series?post=10456"}],"curies":[{"name":"wp","href":"https:\/\/api.w.org\/{rel}","templated":true}]}}