{"id":10454,"date":"2011-09-10T08:00:07","date_gmt":"2011-09-10T14:00:07","guid":{"rendered":"http:\/\/quechilero.com\/blog\/?p=10454"},"modified":"2011-09-10T08:00:07","modified_gmt":"2011-09-10T14:00:07","slug":"de-la-princesa","status":"publish","type":"post","link":"https:\/\/quechilero.com\/blog\/2011\/09\/10\/de-la-princesa\/","title":{"rendered":"De la Princesa"},"content":{"rendered":"<p>Llegu\u00e9 a New York, y supe que mi editora americana reserv\u00f3 en el cl\u00e1sico hotel Waldorf Astoria.<\/p>\n<p>Cuando la puerta del ascensor se abri\u00f3 en mi piso, vi que estaba repleto de guardias de seguridad, con armas a la vista. Descubr\u00ed, por una camarera, que una princesa \u00e1rabe estaba all\u00ed. Me hice millares de fantas\u00edas de como deb\u00eda ser una princesa, hasta que un d\u00eda la vi en el corredor: una se\u00f1ora gorda, fea, con los pies hinchados, y un s\u00e9quito cuid\u00e1ndole cada paso.<\/p>\n<p>Una amiga que estaba conmigo consigui\u00f3 hablar con ella; supimos que la seguridad no la dejaba ir a la calle, que so\u00f1aba con ir a un cine, y que la primera extranjera con la que conversaba era con mi amiga. Los guardaespaldas llegaron luego, interrumpiendo la conversaci\u00f3n, adem\u00e1s de revisarnos en b\u00fasqueda de armas ocultas.<\/p>\n<p>Fue la \u00fanica princesa de verdad que conoc\u00ed en mi vida.<\/p>\n<p id=\"yui_3_2_0_1_1315238395988142\"><strong id=\"yui_3_2_0_1_1315238395988141\"><em id=\"yui_3_2_0_1_1315238395988140\">Del libro \u00abMaktub\u00bb, de Paulo Coelho<\/em><\/strong><\/p>\n","protected":false},"excerpt":{"rendered":"<p>Llegu\u00e9 a New York, y supe que mi editora americana reserv\u00f3 en el cl\u00e1sico hotel Waldorf Astoria. Cuando la puerta del ascensor se abri\u00f3 en mi piso, vi que estaba repleto de guardias de seguridad, con armas a la vista. Descubr\u00ed, por una camarera, que una princesa \u00e1rabe estaba all\u00ed. Me hice millares de fantas\u00edas &#8230; <a title=\"De la Princesa\" class=\"read-more\" href=\"https:\/\/quechilero.com\/blog\/2011\/09\/10\/de-la-princesa\/\" aria-label=\"Leer m\u00e1s sobre De la Princesa\">Leer m\u00e1s<\/a><\/p>\n","protected":false},"author":1,"featured_media":0,"comment_status":"open","ping_status":"open","sticky":false,"template":"","format":"standard","meta":{"advanced_seo_description":"","jetpack_seo_html_title":"","jetpack_seo_noindex":false,"jetpack_seo_schema_type":"","episode_type":"","audio_file":"","podmotor_file_id":"","podmotor_episode_id":"","cover_image":"","cover_image_id":"","duration":"","filesize":"","filesize_raw":"","date_recorded":"","explicit":"","block":"","_jetpack_newsletter_access":"","_jetpack_dont_email_post_to_subs":false,"_jetpack_newsletter_tier_id":0,"_jetpack_memberships_contains_paywalled_content":false,"_jetpack_feature_clip_id":0,"_jetpack_memberships_contains_paid_content":false,"footnotes":"","jetpack_publicize_message":"","jetpack_publicize_feature_enabled":true,"jetpack_social_post_already_shared":false,"jetpack_social_options":{"image_generator_settings":{"template":"highway","default_image_id":0,"font":"","enabled":false},"version":2},"jetpack_post_was_ever_published":false},"categories":[2],"tags":[72,41,24],"series":[],"class_list":["post-10454","post","type-post","status-publish","format-standard","hentry","category-limones","tag-libro","tag-verdad","tag-vida"],"episode_featured_image":false,"episode_player_image":"https:\/\/i0.wp.com\/quechilero.com\/blog\/imagenes\/podcast.png?fit=1831%2C1831&ssl=1","download_link":"","player_link":"","audio_player":false,"episode_data":{"playerMode":"dark","subscribeUrls":{"amazon":{"key":"amazon","url":"","label":"Amazon","class":"amazon","icon":"amazon.png"},"apple_podcasts":{"key":"apple_podcasts","url":"","label":"Apple Podcasts","class":"apple_podcasts","icon":"apple-podcasts.png"},"castbox":{"key":"castbox","url":"","label":"CastBox","class":"castbox","icon":"castbox.png"},"deezer":{"key":"deezer","url":"","label":"Deezer","class":"deezer","icon":"deezer.png"},"google_podcasts":{"key":"google_podcasts","url":"","label":"Google Podcasts","class":"google_podcasts","icon":"google-podcasts.png"},"listen_notes":{"key":"listen_notes","url":"","label":"Listen Notes","class":"listen_notes","icon":"listen-notes.png"},"pandora":{"key":"pandora","url":"","label":"Pandora","class":"pandora","icon":"pandora.png"},"podbean":{"key":"podbean","url":"","label":"Podbean","class":"podbean","icon":"podbean.png"},"podcast_republic":{"key":"podcast_republic","url":"","label":"Podcast Republic","class":"podcast_republic","icon":"podcast-republic.png"},"rss":{"key":"rss","url":"","label":"RSS","class":"rss","icon":"rss.png"},"spotify":{"key":"spotify","url":"","label":"Spotify","class":"spotify","icon":"spotify.png"},"stitcher":{"key":"stitcher","url":"","label":"Stitcher","class":"stitcher","icon":"stitcher.png"},"tunein":{"key":"tunein","url":"","label":"TuneIn","class":"tunein","icon":"tunein.png"},"youtube":{"key":"youtube","url":"","label":"YouTube","class":"youtube","icon":"youtube.png"},"iheartradio":{"key":"iheartradio","url":"","label":"iHeartRadio","class":"iheartradio","icon":"iheartradio.png"},"ivoox":{"key":"ivoox","url":"","label":"iVoox","class":"ivoox","icon":"ivoox.png"}},"rssFeedUrl":"https:\/\/quechilero.com\/blog\/feed\/podcast\/si-la-vida-nos-da-limones","embedCode":"<blockquote class=\"wp-embedded-content\" data-secret=\"kHRgPoWWZU\"><a href=\"https:\/\/quechilero.com\/blog\/2011\/09\/10\/de-la-princesa\/\">De la Princesa<\/a><\/blockquote><iframe sandbox=\"allow-scripts\" security=\"restricted\" src=\"https:\/\/quechilero.com\/blog\/2011\/09\/10\/de-la-princesa\/embed\/#?secret=kHRgPoWWZU\" width=\"500\" height=\"350\" title=\"\u00abDe la Princesa\u00bb \u2014 Si la Vida nos da Limones...\" data-secret=\"kHRgPoWWZU\" frameborder=\"0\" marginwidth=\"0\" marginheight=\"0\" scrolling=\"no\" class=\"wp-embedded-content\"><\/iframe><script>\n\/*! This file is auto-generated *\/\n!function(d,l){\"use strict\";l.querySelector&&d.addEventListener&&\"undefined\"!=typeof URL&&(d.wp=d.wp||{},d.wp.receiveEmbedMessage||(d.wp.receiveEmbedMessage=function(e){var t=e.data;if((t||t.secret||t.message||t.value)&&!\/[^a-zA-Z0-9]\/.test(t.secret)){for(var s,r,n,a=l.querySelectorAll('iframe[data-secret=\"'+t.secret+'\"]'),o=l.querySelectorAll('blockquote[data-secret=\"'+t.secret+'\"]'),c=new RegExp(\"^https?:$\",\"i\"),i=0;i<o.length;i++)o[i].style.display=\"none\";for(i=0;i<a.length;i++)s=a[i],e.source===s.contentWindow&&(s.removeAttribute(\"style\"),\"height\"===t.message?(1e3<(r=parseInt(t.value,10))?r=1e3:~~r<200&&(r=200),s.height=r):\"link\"===t.message&&(r=new URL(s.getAttribute(\"src\")),n=new URL(t.value),c.test(n.protocol))&&n.host===r.host&&l.activeElement===s&&(d.top.location.href=t.value))}},d.addEventListener(\"message\",d.wp.receiveEmbedMessage,!1),l.addEventListener(\"DOMContentLoaded\",function(){for(var e,t,s=l.querySelectorAll(\"iframe.wp-embedded-content\"),r=0;r<s.length;r++)(t=(e=s[r]).getAttribute(\"data-secret\"))||(t=Math.random().toString(36).substring(2,12),e.src+=\"#?secret=\"+t,e.setAttribute(\"data-secret\",t)),e.contentWindow.postMessage({message:\"ready\",secret:t},\"*\")},!1)))}(window,document);\n\/\/# sourceURL=https:\/\/quechilero.com\/blog\/wp-includes\/js\/wp-embed.min.js\n<\/script>\n"},"jetpack_publicize_connections":[],"jetpack_shortlink":"https:\/\/wp.me\/pDKli-2IC","jetpack_sharing_enabled":true,"jetpack-related-posts":[{"id":15264,"url":"https:\/\/quechilero.com\/blog\/2012\/12\/20\/caminando-en-la-oscuridad\/","url_meta":{"origin":10454,"position":0},"title":"Caminando en la Oscuridad","author":"Pepe Barrascout Ortiz","date":"20 diciembre 2012","format":false,"excerpt":"Ayer en la noche mi hija peque\u00f1a, de 3 a\u00f1os, me dijo que necesitaba buscar su frazada en el cuarto que estaba oscuro. Yo le dije que estaba justo sobre su cama, y que pod\u00eda ir a recogerla. En un inicio, y aunque no le teme a la oscuridad, no\u2026","rel":"","context":"En \u00abLimones\u00bb","block_context":{"text":"Limones","link":"https:\/\/quechilero.com\/blog\/category\/limones\/"},"img":{"alt_text":"","src":"","width":0,"height":0},"classes":[]},{"id":4298,"url":"https:\/\/quechilero.com\/blog\/2010\/02\/06\/mau-egipcio\/","url_meta":{"origin":10454,"position":1},"title":"Mau egipcio","author":"Pepe Barrascout Ortiz","date":"6 febrero 2010","format":false,"excerpt":"Mau egipcio: Descendiente directo de los gatos sagrados de los templos. Si vemos al mau egipcio de hoy, nos daremos cuenta que es exactamente igual al de los gatos que se ven reflejados en el arte egipcio de 1400 a.C. Esta raza de gatos se encuentra emparentada con el abisinio\u2026","rel":"","context":"En \u00abLimones\u00bb","block_context":{"text":"Limones","link":"https:\/\/quechilero.com\/blog\/category\/limones\/"},"img":{"alt_text":"","src":"https:\/\/i0.wp.com\/img.youtube.com\/vi\/8dX4MqR2J_4\/0.jpg?resize=350%2C200","width":350,"height":200},"classes":[]},{"id":5937,"url":"https:\/\/quechilero.com\/blog\/2010\/10\/31\/disfraces-sexy-para-halloween\/","url_meta":{"origin":10454,"position":2},"title":"Disfraces sexy para Halloween","author":"Pepe Barrascout Ortiz","date":"31 octubre 2010","format":false,"excerpt":"Hoy muchas personas, con la excusa perfecta de Halloween lo aprovechan para salir de fiesta y en busca de un buen disfraz para este d\u00eda, ac\u00e1 hay una selecci\u00f3n de algunos muy sexys y poco comunes, disfraces sexys de Halloween para chicas. Estos dise\u00f1os de disfraces son provocadores y sugerentes,\u2026","rel":"","context":"En \u00abLimones\u00bb","block_context":{"text":"Limones","link":"https:\/\/quechilero.com\/blog\/category\/limones\/"},"img":{"alt_text":"","src":"https:\/\/i0.wp.com\/i392.photobucket.com\/albums\/pp7\/pepejaguar\/blog\/disfraces-halloween-1.png?resize=350%2C200","width":350,"height":200,"srcset":"https:\/\/i0.wp.com\/i392.photobucket.com\/albums\/pp7\/pepejaguar\/blog\/disfraces-halloween-1.png?resize=350%2C200 1x, https:\/\/i0.wp.com\/i392.photobucket.com\/albums\/pp7\/pepejaguar\/blog\/disfraces-halloween-1.png?resize=525%2C300 1.5x"},"classes":[]},{"id":518,"url":"https:\/\/quechilero.com\/blog\/2007\/04\/13\/homenaje-a-la-mujer\/","url_meta":{"origin":10454,"position":3},"title":"Homenaje a la Mujer","author":"Pepe Barrascout Ortiz","date":"13 abril 2007","format":false,"excerpt":"Dicen que, a cierta edad, las mujeres nos hacemos invisibles, que nuestro protagonismo en la escena de la vida declina, y que nos volvemos inexistentes para un mundo en el que s\u00f3lo cabe el \u00edmpetu de los a\u00f1os j\u00f3venes. Yo no s\u00e9 si me habr\u00e9 vuelto invisible para el mundo,\u2026","rel":"","context":"En \u00abLimones\u00bb","block_context":{"text":"Limones","link":"https:\/\/quechilero.com\/blog\/category\/limones\/"},"img":{"alt_text":"","src":"","width":0,"height":0},"classes":[]},{"id":19808,"url":"https:\/\/quechilero.com\/blog\/2015\/02\/04\/una-decision-para-el-futuro\/","url_meta":{"origin":10454,"position":4},"title":"Una decisi\u00f3n para el futuro","author":"Pepe Barrascout Ortiz","date":"4 febrero 2015","format":false,"excerpt":"Fue algo tr\u00e1gico. Doloroso. Indescriptible. Las im\u00e1genes de televisi\u00f3n transmit\u00edan las fotograf\u00edas de la princesa Diana de Gales mientras agonizaba. Junto a su cuerpo, un grupo de param\u00e9dicos buscaba afanosamente prestarle auxilio. El espacio estaba semioscuro. Minutos antes el veh\u00edculo en el que se movilizaba, en un t\u00fanel de Par\u00eds,\u2026","rel":"","context":"En \u00abLimones\u00bb","block_context":{"text":"Limones","link":"https:\/\/quechilero.com\/blog\/category\/limones\/"},"img":{"alt_text":"","src":"","width":0,"height":0},"classes":[]},{"id":16747,"url":"https:\/\/quechilero.com\/blog\/2013\/06\/06\/de-una-semillita\/","url_meta":{"origin":10454,"position":5},"title":"De una semillita","author":"Pepe Barrascout Ortiz","date":"6 junio 2013","format":false,"excerpt":"La historia que tiene m\u00e1s de un siglo, cuenta que una princesa agonizaba. En su lecho de muerte, pidi\u00f3 que su tumba fuese cubierta con una gran piedra de granito y que alrededor hubiese otras piedras sellando la l\u00e1pida. Tambi\u00e9n dio \u00f3rdenes de afianzar las piedras con abrazaderas de hierro.\u2026","rel":"","context":"En \u00abLimones\u00bb","block_context":{"text":"Limones","link":"https:\/\/quechilero.com\/blog\/category\/limones\/"},"img":{"alt_text":"","src":"","width":0,"height":0},"classes":[]}],"jetpack_featured_media_url":"","_links":{"self":[{"href":"https:\/\/quechilero.com\/blog\/wp-json\/wp\/v2\/posts\/10454","targetHints":{"allow":["GET"]}}],"collection":[{"href":"https:\/\/quechilero.com\/blog\/wp-json\/wp\/v2\/posts"}],"about":[{"href":"https:\/\/quechilero.com\/blog\/wp-json\/wp\/v2\/types\/post"}],"author":[{"embeddable":true,"href":"https:\/\/quechilero.com\/blog\/wp-json\/wp\/v2\/users\/1"}],"replies":[{"embeddable":true,"href":"https:\/\/quechilero.com\/blog\/wp-json\/wp\/v2\/comments?post=10454"}],"version-history":[{"count":0,"href":"https:\/\/quechilero.com\/blog\/wp-json\/wp\/v2\/posts\/10454\/revisions"}],"wp:attachment":[{"href":"https:\/\/quechilero.com\/blog\/wp-json\/wp\/v2\/media?parent=10454"}],"wp:term":[{"taxonomy":"category","embeddable":true,"href":"https:\/\/quechilero.com\/blog\/wp-json\/wp\/v2\/categories?post=10454"},{"taxonomy":"post_tag","embeddable":true,"href":"https:\/\/quechilero.com\/blog\/wp-json\/wp\/v2\/tags?post=10454"},{"taxonomy":"series","embeddable":true,"href":"https:\/\/quechilero.com\/blog\/wp-json\/wp\/v2\/series?post=10454"}],"curies":[{"name":"wp","href":"https:\/\/api.w.org\/{rel}","templated":true}]}}