{"id":10427,"date":"2012-04-02T12:00:32","date_gmt":"2012-04-02T18:00:32","guid":{"rendered":"http:\/\/quechilero.com\/blog\/?p=10427"},"modified":"2012-04-02T12:00:32","modified_gmt":"2012-04-02T18:00:32","slug":"esculturas-en-papel-peter-callesen","status":"publish","type":"post","link":"https:\/\/quechilero.com\/blog\/2012\/04\/02\/esculturas-en-papel-peter-callesen\/","title":{"rendered":"Esculturas en Papel: Peter Callesen"},"content":{"rendered":"<p><a title=\"Esculturas en Papel: Peter Callesen\" href=\"http:\/\/www.petercallesen.com\/\" target=\"_blank\">Peter Callesen<\/a>,\u00a0nacido en\u00a0el a\u00f1o de 1967,\u00a0el artista dan\u00e9s toma la materia prima de los medios de comunicaci\u00f3n\u00a0m\u00e1s consumidos, las hojas de papel A4\u00a0y las convierte en\u00a0maravillas.<\/p>\n<p><a href=\"http:\/\/s392.photobucket.com\/albums\/pp7\/pepejaguar\/blog\/?action=view&amp;current=Little-Erected-Ruin.jpg\"><img data-recalc-dims=\"1\" loading=\"lazy\" decoding=\"async\" class=\"alignnone\" src=\"https:\/\/i0.wp.com\/i392.photobucket.com\/albums\/pp7\/pepejaguar\/blog\/Little-Erected-Ruin.jpg?resize=500%2C333\" alt=\"\" width=\"500\" height=\"333\" \/><\/a><\/p>\n<p><!--more--><a href=\"http:\/\/s392.photobucket.com\/albums\/pp7\/pepejaguar\/blog\/?action=view&amp;current=Looking-back.jpg\"><img data-recalc-dims=\"1\" loading=\"lazy\" decoding=\"async\" class=\"alignnone\" src=\"https:\/\/i0.wp.com\/i392.photobucket.com\/albums\/pp7\/pepejaguar\/blog\/Looking-back.jpg?resize=500%2C379\" alt=\"\" width=\"500\" height=\"379\" \/><\/a><\/p>\n<p><a href=\"http:\/\/s392.photobucket.com\/albums\/pp7\/pepejaguar\/blog\/?action=view&amp;current=Looking-back.jpg\"><img data-recalc-dims=\"1\" loading=\"lazy\" decoding=\"async\" class=\"alignnone\" src=\"https:\/\/i0.wp.com\/i392.photobucket.com\/albums\/pp7\/pepejaguar\/blog\/On-The-Other-Side.jpg?resize=500%2C350\" alt=\"\" width=\"500\" height=\"350\" \/><\/a><\/p>\n<p><a href=\"http:\/\/s392.photobucket.com\/albums\/pp7\/pepejaguar\/blog\/?action=view&amp;current=The-Short-Distance-Between-Time-and-Shadow.jpg\"><img data-recalc-dims=\"1\" loading=\"lazy\" decoding=\"async\" class=\"alignnone\" src=\"https:\/\/i0.wp.com\/i392.photobucket.com\/albums\/pp7\/pepejaguar\/blog\/The-Short-Distance-Between-Time-and-Shadow.jpg?resize=500%2C375\" alt=\"\" width=\"500\" height=\"375\" \/><\/a><\/p>\n<p>Ac\u00e1 puedes ver la serie completa de <a title=\"Esculturas en Papel\" href=\"http:\/\/quechilero.com\/blog\/?s=esculturas+en+papel\">Esculturas en Papel<\/a>.<\/p>\n","protected":false},"excerpt":{"rendered":"<p>Peter Callesen,\u00a0nacido en\u00a0el a\u00f1o de 1967,\u00a0el artista dan\u00e9s toma la materia prima de los medios de comunicaci\u00f3n\u00a0m\u00e1s consumidos, las hojas de papel A4\u00a0y las convierte en\u00a0maravillas.<\/p>\n","protected":false},"author":1,"featured_media":0,"comment_status":"open","ping_status":"open","sticky":false,"template":"","format":"standard","meta":{"advanced_seo_description":"","jetpack_seo_html_title":"","jetpack_seo_noindex":false,"jetpack_seo_schema_type":"","episode_type":"","audio_file":"","podmotor_file_id":"","podmotor_episode_id":"","cover_image":"","cover_image_id":"","duration":"","filesize":"","filesize_raw":"","date_recorded":"","explicit":"","block":"","_jetpack_newsletter_access":"","_jetpack_dont_email_post_to_subs":false,"_jetpack_newsletter_tier_id":0,"_jetpack_memberships_contains_paywalled_content":false,"_jetpack_feature_clip_id":0,"_jetpack_memberships_contains_paid_content":false,"footnotes":"","jetpack_publicize_message":"","jetpack_publicize_feature_enabled":true,"jetpack_social_post_already_shared":false,"jetpack_social_options":{"image_generator_settings":{"template":"highway","default_image_id":0,"font":"","enabled":false},"version":2},"jetpack_post_was_ever_published":false},"categories":[98],"tags":[51],"series":[],"class_list":["post-10427","post","type-post","status-publish","format-standard","hentry","category-limones-por-mano","tag-dios"],"episode_featured_image":false,"episode_player_image":"https:\/\/i0.wp.com\/quechilero.com\/blog\/imagenes\/podcast.png?fit=1831%2C1831&ssl=1","download_link":"","player_link":"","audio_player":false,"episode_data":{"playerMode":"dark","subscribeUrls":{"amazon":{"key":"amazon","url":"","label":"Amazon","class":"amazon","icon":"amazon.png"},"apple_podcasts":{"key":"apple_podcasts","url":"","label":"Apple Podcasts","class":"apple_podcasts","icon":"apple-podcasts.png"},"castbox":{"key":"castbox","url":"","label":"CastBox","class":"castbox","icon":"castbox.png"},"deezer":{"key":"deezer","url":"","label":"Deezer","class":"deezer","icon":"deezer.png"},"google_podcasts":{"key":"google_podcasts","url":"","label":"Google Podcasts","class":"google_podcasts","icon":"google-podcasts.png"},"listen_notes":{"key":"listen_notes","url":"","label":"Listen Notes","class":"listen_notes","icon":"listen-notes.png"},"pandora":{"key":"pandora","url":"","label":"Pandora","class":"pandora","icon":"pandora.png"},"podbean":{"key":"podbean","url":"","label":"Podbean","class":"podbean","icon":"podbean.png"},"podcast_republic":{"key":"podcast_republic","url":"","label":"Podcast Republic","class":"podcast_republic","icon":"podcast-republic.png"},"rss":{"key":"rss","url":"","label":"RSS","class":"rss","icon":"rss.png"},"spotify":{"key":"spotify","url":"","label":"Spotify","class":"spotify","icon":"spotify.png"},"stitcher":{"key":"stitcher","url":"","label":"Stitcher","class":"stitcher","icon":"stitcher.png"},"tunein":{"key":"tunein","url":"","label":"TuneIn","class":"tunein","icon":"tunein.png"},"youtube":{"key":"youtube","url":"","label":"YouTube","class":"youtube","icon":"youtube.png"},"iheartradio":{"key":"iheartradio","url":"","label":"iHeartRadio","class":"iheartradio","icon":"iheartradio.png"},"ivoox":{"key":"ivoox","url":"","label":"iVoox","class":"ivoox","icon":"ivoox.png"}},"rssFeedUrl":"https:\/\/quechilero.com\/blog\/feed\/podcast\/si-la-vida-nos-da-limones","embedCode":"<blockquote class=\"wp-embedded-content\" data-secret=\"Q3SxSTCkXl\"><a href=\"https:\/\/quechilero.com\/blog\/2012\/04\/02\/esculturas-en-papel-peter-callesen\/\">Esculturas en Papel: Peter Callesen<\/a><\/blockquote><iframe sandbox=\"allow-scripts\" security=\"restricted\" src=\"https:\/\/quechilero.com\/blog\/2012\/04\/02\/esculturas-en-papel-peter-callesen\/embed\/#?secret=Q3SxSTCkXl\" width=\"500\" height=\"350\" title=\"\u00abEsculturas en Papel: Peter Callesen\u00bb \u2014 Si la Vida nos da Limones...\" data-secret=\"Q3SxSTCkXl\" frameborder=\"0\" marginwidth=\"0\" marginheight=\"0\" scrolling=\"no\" class=\"wp-embedded-content\"><\/iframe><script>\n\/*! This file is auto-generated *\/\n!function(d,l){\"use strict\";l.querySelector&&d.addEventListener&&\"undefined\"!=typeof URL&&(d.wp=d.wp||{},d.wp.receiveEmbedMessage||(d.wp.receiveEmbedMessage=function(e){var t=e.data;if((t||t.secret||t.message||t.value)&&!\/[^a-zA-Z0-9]\/.test(t.secret)){for(var s,r,n,a=l.querySelectorAll('iframe[data-secret=\"'+t.secret+'\"]'),o=l.querySelectorAll('blockquote[data-secret=\"'+t.secret+'\"]'),c=new RegExp(\"^https?:$\",\"i\"),i=0;i<o.length;i++)o[i].style.display=\"none\";for(i=0;i<a.length;i++)s=a[i],e.source===s.contentWindow&&(s.removeAttribute(\"style\"),\"height\"===t.message?(1e3<(r=parseInt(t.value,10))?r=1e3:~~r<200&&(r=200),s.height=r):\"link\"===t.message&&(r=new URL(s.getAttribute(\"src\")),n=new URL(t.value),c.test(n.protocol))&&n.host===r.host&&l.activeElement===s&&(d.top.location.href=t.value))}},d.addEventListener(\"message\",d.wp.receiveEmbedMessage,!1),l.addEventListener(\"DOMContentLoaded\",function(){for(var e,t,s=l.querySelectorAll(\"iframe.wp-embedded-content\"),r=0;r<s.length;r++)(t=(e=s[r]).getAttribute(\"data-secret\"))||(t=Math.random().toString(36).substring(2,12),e.src+=\"#?secret=\"+t,e.setAttribute(\"data-secret\",t)),e.contentWindow.postMessage({message:\"ready\",secret:t},\"*\")},!1)))}(window,document);\n\/\/# sourceURL=https:\/\/quechilero.com\/blog\/wp-includes\/js\/wp-embed.min.js\n<\/script>\n"},"jetpack_publicize_connections":[],"jetpack_shortlink":"https:\/\/wp.me\/pDKli-2Ib","jetpack_sharing_enabled":true,"jetpack-related-posts":[{"id":6381,"url":"https:\/\/quechilero.com\/blog\/2011\/02\/18\/esculturas-utilizando-una-sola-hoja-de-papel\/","url_meta":{"origin":10427,"position":0},"title":"Esculturas utilizando una sola hoja de papel","author":"Pepe Barrascout Ortiz","date":"18 febrero 2011","format":false,"excerpt":"Pedro\u00a0Callesen es un artista\u00a0nacido\u00a0en\u00a0Dinamarca, que trabaja\u00a0con\u00a0papel blanco y lo une con diferentes objetos, que pueden ser recortes\u00a0de papel,\u00a0instalaciones\u00a0y\u00a0performances.\u00a0La mayor\u00eda\u00a0de sus\u00a0obras\u00a0est\u00e1n hechas\u00a0de\u00a0hojas de\u00a0papel tama\u00f1o A4. En su p\u00e1gina web, se puede ver varios de estos maravillosos trabajos, realizados con hojas de\u00a0papel blanco, como material base. Su\u00a0precisi\u00f3n hace que una hoja, se\u2026","rel":"","context":"En \u00abLimones\u00bb","block_context":{"text":"Limones","link":"https:\/\/quechilero.com\/blog\/category\/limones\/"},"img":{"alt_text":"","src":"","width":0,"height":0},"classes":[]},{"id":522,"url":"https:\/\/quechilero.com\/blog\/2007\/04\/17\/sistemas-operativos-voladores\/","url_meta":{"origin":10427,"position":1},"title":"Sistemas Operativos Voladores","author":"Pepe Barrascout Ortiz","date":"17 abril 2007","format":false,"excerpt":"Como seria la industria de la aviaci\u00f3n si los dise\u00f1adores de los diferentes sistemas operativos fundaran su propia compa\u00f1\u00eda Windows Airlines: El aeropuerto es muy lindo y bien decorado, con personal amigable, con manejo de equipaje y embarque muy sencillo, y un despegue muy suave. A los 10 minutos de\u2026","rel":"","context":"En \u00abLimones\u00bb","block_context":{"text":"Limones","link":"https:\/\/quechilero.com\/blog\/category\/limones\/"},"img":{"alt_text":"","src":"","width":0,"height":0},"classes":[]},{"id":805,"url":"https:\/\/quechilero.com\/blog\/2007\/12\/13\/6-cosas-que-no-hacer-si-se-quiere-generar-compromiso\/","url_meta":{"origin":10427,"position":2},"title":"6 cosas que No hacer si se quiere generar compromiso","author":"Pepe Barrascout Ortiz","date":"13 diciembre 2007","format":false,"excerpt":"Las 6 cosas que No se debe hacer, si quiere generar compromiso y lograr resultados en su equipo (basado en una historia real) La mayor\u00eda de los libros que todos leemos nos dicen qu\u00e9 es lo que hay que hacer para que los empleados se agrupen en proyectos y lleguen\u2026","rel":"","context":"En \u00abLimones\u00bb","block_context":{"text":"Limones","link":"https:\/\/quechilero.com\/blog\/category\/limones\/"},"img":{"alt_text":"","src":"","width":0,"height":0},"classes":[]},{"id":26858,"url":"https:\/\/quechilero.com\/blog\/2015\/10\/29\/podcast-las-6am-episodio-1016-pet-shop-boys\/","url_meta":{"origin":10427,"position":3},"title":"Podcast: Las 6am episodio 1016, Pet Shop Boys","author":"Pepe Barrascout Ortiz","date":"29 octubre 2015","format":false,"excerpt":"Bienvenidos al mil\u00e9simo d\u00e9cimo sexto\u00a0episodio de \u201cLas 6 de la ma\u00f1ana\u201d, un podcast diario que trae 6 canciones, para que iniciemos el d\u00eda con buena m\u00fasica. Nuestro invitado de hoy: \"Pet Shop Boys\" El listado para hoy es: Artista \/ Tema 01 - I'm Not Scared 02 - Go West\u2026","rel":"","context":"En \u00abLas 6 de la ma\u00f1ana\u00bb","block_context":{"text":"Las 6 de la ma\u00f1ana","link":"https:\/\/quechilero.com\/blog\/category\/podcast\/las-6-de-la-manana\/"},"img":{"alt_text":"","src":"https:\/\/i0.wp.com\/quechilero.com\/blog\/imagenes\/las6am.jpg?fit=620%2C350&ssl=1&resize=350%2C200","width":350,"height":200,"srcset":"https:\/\/i0.wp.com\/quechilero.com\/blog\/imagenes\/las6am.jpg?fit=620%2C350&ssl=1&resize=350%2C200 1x, https:\/\/i0.wp.com\/quechilero.com\/blog\/imagenes\/las6am.jpg?fit=620%2C350&ssl=1&resize=525%2C300 1.5x"},"classes":[]},{"id":986,"url":"https:\/\/quechilero.com\/blog\/2008\/06\/15\/el-valor-de-un-te-quiero\/","url_meta":{"origin":10427,"position":4},"title":"El valor de un \u00abTe quiero\u00bb","author":"Pepe Barrascout Ortiz","date":"15 junio 2008","format":false,"excerpt":"Tengo muchos recuerdos de mi padre y de c\u00f3mo crec\u00ed a su lado en nuestro departamento junto a las v\u00edas del tren elevado. Durante veinte a\u00f1os o\u00edmos el rugido del convoy cuando pasaba por la ventana de su dormitorio. De noche, tarde, pap\u00e1 esperaba solo en las v\u00edas el tren\u2026","rel":"","context":"En \u00abLimones\u00bb","block_context":{"text":"Limones","link":"https:\/\/quechilero.com\/blog\/category\/limones\/"},"img":{"alt_text":"","src":"","width":0,"height":0},"classes":[]},{"id":13031,"url":"https:\/\/quechilero.com\/blog\/2013\/06\/28\/limonada-272\/","url_meta":{"origin":10427,"position":5},"title":"Limonada # 272","author":"Pepe Barrascout Ortiz","date":"28 junio 2013","format":false,"excerpt":"Donde hay una empresa de \u00e9xito, alguien tom\u00f3 alguna vez una decisi\u00f3n valiente. Peter Drucker","rel":"","context":"En \u00abLimonadas\u00bb","block_context":{"text":"Limonadas","link":"https:\/\/quechilero.com\/blog\/category\/limonadas\/"},"img":{"alt_text":"","src":"","width":0,"height":0},"classes":[]}],"jetpack_featured_media_url":"","_links":{"self":[{"href":"https:\/\/quechilero.com\/blog\/wp-json\/wp\/v2\/posts\/10427","targetHints":{"allow":["GET"]}}],"collection":[{"href":"https:\/\/quechilero.com\/blog\/wp-json\/wp\/v2\/posts"}],"about":[{"href":"https:\/\/quechilero.com\/blog\/wp-json\/wp\/v2\/types\/post"}],"author":[{"embeddable":true,"href":"https:\/\/quechilero.com\/blog\/wp-json\/wp\/v2\/users\/1"}],"replies":[{"embeddable":true,"href":"https:\/\/quechilero.com\/blog\/wp-json\/wp\/v2\/comments?post=10427"}],"version-history":[{"count":0,"href":"https:\/\/quechilero.com\/blog\/wp-json\/wp\/v2\/posts\/10427\/revisions"}],"wp:attachment":[{"href":"https:\/\/quechilero.com\/blog\/wp-json\/wp\/v2\/media?parent=10427"}],"wp:term":[{"taxonomy":"category","embeddable":true,"href":"https:\/\/quechilero.com\/blog\/wp-json\/wp\/v2\/categories?post=10427"},{"taxonomy":"post_tag","embeddable":true,"href":"https:\/\/quechilero.com\/blog\/wp-json\/wp\/v2\/tags?post=10427"},{"taxonomy":"series","embeddable":true,"href":"https:\/\/quechilero.com\/blog\/wp-json\/wp\/v2\/series?post=10427"}],"curies":[{"name":"wp","href":"https:\/\/api.w.org\/{rel}","templated":true}]}}