{"id":1042,"date":"2008-08-04T08:57:20","date_gmt":"2008-08-04T14:57:20","guid":{"rendered":"http:\/\/quechilero.com\/blog\/?p=1042"},"modified":"2008-08-04T08:57:20","modified_gmt":"2008-08-04T14:57:20","slug":"el-libro-negro","status":"publish","type":"post","link":"https:\/\/quechilero.com\/blog\/2008\/08\/04\/el-libro-negro\/","title":{"rendered":"El libro negro"},"content":{"rendered":"<p>Una mujer en Bengala Occidental era objeto de gran curiosidad entre sus  vecinas debido a un h\u00e1bito poco usual: cada vez que entraba en una tienda, un  almac\u00e9n o un cine, sacaba un librito negro y anotaba algo en \u00e9l. Alguien, por  fin, le pregunt\u00f3 un d\u00eda:<\/p>\n<p>&#8211; <em>\u00ab\u00bfLleva usted una relaci\u00f3n de todo lo que gasta?\u00bb<\/em><\/p>\n<p>&#8211; <em>\u00ab\u00a1Oh, no!\u00bb<\/em> -replic\u00f3 ella. <em>\u00abS\u00f3lo llevo una nota de lo que compro que puedo  considerar como lujo: perfumes, y todas esas cosas.\u00bb<\/em><\/p>\n<p>&#8211; <em>\u00abPero \u00bfpara qu\u00e9 utiliza la lista?\u00bb<\/em> -le pregunt\u00f3.<\/p>\n<p>&#8211; <em>\u00abPues, en realidad\u2026\u00bb<\/em> -contest\u00f3 la mujer- <em>\u00abMe siento tan ego\u00edsta disfrutando  de tantas comodidades y viendo que hay tantos sufrimientos en el mundo, que  llevo esta lista, y siempre que quiero gastar dinero en comodidades personales,  doy una peque\u00f1a caridad a alguien que no tenga hogar o que est\u00e9 enfermo\u00bb.<\/em><\/p>\n<p>Hab\u00eda encontrado <strong>su propia manera<\/strong> de ver las miserias del mundo.<\/p>\n<p>Es un buen m\u00e9todo, ya que <em>el dolor de una persona es tambi\u00e9n el dolor de  todos<\/em>.<\/p>\n","protected":false},"excerpt":{"rendered":"<p>Una mujer en Bengala Occidental era objeto de gran curiosidad entre sus vecinas debido a un h\u00e1bito poco usual: cada vez que entraba en una tienda, un almac\u00e9n o un cine, sacaba un librito negro y anotaba algo en \u00e9l. Alguien, por fin, le pregunt\u00f3 un d\u00eda: &#8211; \u00ab\u00bfLleva usted una relaci\u00f3n de todo lo &#8230; <a title=\"El libro negro\" class=\"read-more\" href=\"https:\/\/quechilero.com\/blog\/2008\/08\/04\/el-libro-negro\/\" aria-label=\"Leer m\u00e1s sobre El libro negro\">Leer m\u00e1s<\/a><\/p>\n","protected":false},"author":1,"featured_media":0,"comment_status":"open","ping_status":"open","sticky":false,"template":"","format":"standard","meta":{"advanced_seo_description":"","jetpack_seo_html_title":"","jetpack_seo_noindex":false,"jetpack_seo_schema_type":"","episode_type":"","audio_file":"","podmotor_file_id":"","podmotor_episode_id":"","cover_image":"","cover_image_id":"","duration":"","filesize":"","filesize_raw":"","date_recorded":"","explicit":"","block":"","_jetpack_newsletter_access":"","_jetpack_dont_email_post_to_subs":false,"_jetpack_newsletter_tier_id":0,"_jetpack_memberships_contains_paywalled_content":false,"_jetpack_feature_clip_id":0,"_jetpack_memberships_contains_paid_content":false,"footnotes":"","jetpack_publicize_message":"","jetpack_publicize_feature_enabled":true,"jetpack_social_post_already_shared":false,"jetpack_social_options":{"image_generator_settings":{"template":"highway","default_image_id":0,"font":"","enabled":false},"version":2},"jetpack_post_was_ever_published":false},"categories":[2],"tags":[12,48,26,72,20],"series":[],"class_list":["post-1042","post","type-post","status-publish","format-standard","hentry","category-limones","tag-cosas","tag-curiosidad","tag-dinero","tag-libro","tag-mujer"],"episode_featured_image":false,"episode_player_image":"https:\/\/i0.wp.com\/quechilero.com\/blog\/imagenes\/podcast.png?fit=1831%2C1831&ssl=1","download_link":"","player_link":"","audio_player":false,"episode_data":{"playerMode":"dark","subscribeUrls":{"amazon":{"key":"amazon","url":"","label":"Amazon","class":"amazon","icon":"amazon.png"},"apple_podcasts":{"key":"apple_podcasts","url":"","label":"Apple Podcasts","class":"apple_podcasts","icon":"apple-podcasts.png"},"castbox":{"key":"castbox","url":"","label":"CastBox","class":"castbox","icon":"castbox.png"},"deezer":{"key":"deezer","url":"","label":"Deezer","class":"deezer","icon":"deezer.png"},"google_podcasts":{"key":"google_podcasts","url":"","label":"Google Podcasts","class":"google_podcasts","icon":"google-podcasts.png"},"listen_notes":{"key":"listen_notes","url":"","label":"Listen Notes","class":"listen_notes","icon":"listen-notes.png"},"pandora":{"key":"pandora","url":"","label":"Pandora","class":"pandora","icon":"pandora.png"},"podbean":{"key":"podbean","url":"","label":"Podbean","class":"podbean","icon":"podbean.png"},"podcast_republic":{"key":"podcast_republic","url":"","label":"Podcast Republic","class":"podcast_republic","icon":"podcast-republic.png"},"rss":{"key":"rss","url":"","label":"RSS","class":"rss","icon":"rss.png"},"spotify":{"key":"spotify","url":"","label":"Spotify","class":"spotify","icon":"spotify.png"},"stitcher":{"key":"stitcher","url":"","label":"Stitcher","class":"stitcher","icon":"stitcher.png"},"tunein":{"key":"tunein","url":"","label":"TuneIn","class":"tunein","icon":"tunein.png"},"youtube":{"key":"youtube","url":"","label":"YouTube","class":"youtube","icon":"youtube.png"},"iheartradio":{"key":"iheartradio","url":"","label":"iHeartRadio","class":"iheartradio","icon":"iheartradio.png"},"ivoox":{"key":"ivoox","url":"","label":"iVoox","class":"ivoox","icon":"ivoox.png"}},"rssFeedUrl":"https:\/\/quechilero.com\/blog\/feed\/podcast\/si-la-vida-nos-da-limones","embedCode":"<blockquote class=\"wp-embedded-content\" data-secret=\"2Mva0DtSiQ\"><a href=\"https:\/\/quechilero.com\/blog\/2008\/08\/04\/el-libro-negro\/\">El libro negro<\/a><\/blockquote><iframe sandbox=\"allow-scripts\" security=\"restricted\" src=\"https:\/\/quechilero.com\/blog\/2008\/08\/04\/el-libro-negro\/embed\/#?secret=2Mva0DtSiQ\" width=\"500\" height=\"350\" title=\"\u00abEl libro negro\u00bb \u2014 Si la Vida nos da Limones...\" data-secret=\"2Mva0DtSiQ\" frameborder=\"0\" marginwidth=\"0\" marginheight=\"0\" scrolling=\"no\" class=\"wp-embedded-content\"><\/iframe><script>\n\/*! This file is auto-generated *\/\n!function(d,l){\"use strict\";l.querySelector&&d.addEventListener&&\"undefined\"!=typeof URL&&(d.wp=d.wp||{},d.wp.receiveEmbedMessage||(d.wp.receiveEmbedMessage=function(e){var t=e.data;if((t||t.secret||t.message||t.value)&&!\/[^a-zA-Z0-9]\/.test(t.secret)){for(var s,r,n,a=l.querySelectorAll('iframe[data-secret=\"'+t.secret+'\"]'),o=l.querySelectorAll('blockquote[data-secret=\"'+t.secret+'\"]'),c=new RegExp(\"^https?:$\",\"i\"),i=0;i<o.length;i++)o[i].style.display=\"none\";for(i=0;i<a.length;i++)s=a[i],e.source===s.contentWindow&&(s.removeAttribute(\"style\"),\"height\"===t.message?(1e3<(r=parseInt(t.value,10))?r=1e3:~~r<200&&(r=200),s.height=r):\"link\"===t.message&&(r=new URL(s.getAttribute(\"src\")),n=new URL(t.value),c.test(n.protocol))&&n.host===r.host&&l.activeElement===s&&(d.top.location.href=t.value))}},d.addEventListener(\"message\",d.wp.receiveEmbedMessage,!1),l.addEventListener(\"DOMContentLoaded\",function(){for(var e,t,s=l.querySelectorAll(\"iframe.wp-embedded-content\"),r=0;r<s.length;r++)(t=(e=s[r]).getAttribute(\"data-secret\"))||(t=Math.random().toString(36).substring(2,12),e.src+=\"#?secret=\"+t,e.setAttribute(\"data-secret\",t)),e.contentWindow.postMessage({message:\"ready\",secret:t},\"*\")},!1)))}(window,document);\n\/\/# sourceURL=https:\/\/quechilero.com\/blog\/wp-includes\/js\/wp-embed.min.js\n<\/script>\n"},"jetpack_publicize_connections":[],"jetpack_shortlink":"https:\/\/wp.me\/pDKli-gO","jetpack_sharing_enabled":true,"jetpack-related-posts":[{"id":14160,"url":"https:\/\/quechilero.com\/blog\/2013\/01\/18\/el-reto-de-los-25-libros-2012-reto25\/","url_meta":{"origin":1042,"position":0},"title":"El Reto de los 25 libros 2012 #Reto25","author":"Pepe Barrascout Ortiz","date":"18 enero 2013","format":false,"excerpt":"Leer para Crecer No hay duda, que la lectura es una de las mejores formas de crecer como personas, nos eleva el conocimiento y nos ampl\u00eda el punto de vista. Adem\u00e1s de estimularnos la imaginaci\u00f3n, nos lleva a mundos nuevos y diferentes, viajamos por el mundo y en el tiempo\u2026","rel":"","context":"En \u00abLimones\u00bb","block_context":{"text":"Limones","link":"https:\/\/quechilero.com\/blog\/category\/limones\/"},"img":{"alt_text":"","src":"https:\/\/i0.wp.com\/img.youtube.com\/vi\/wlh_dp1L2Fw\/0.jpg?resize=350%2C200","width":350,"height":200},"classes":[]},{"id":12971,"url":"https:\/\/quechilero.com\/blog\/2012\/03\/28\/libros-y-bronces-antiguos\/","url_meta":{"origin":1042,"position":1},"title":"Libros y bronces antiguos","author":"Pepe Barrascout Ortiz","date":"28 marzo 2012","format":false,"excerpt":"Cierto letrado necesitaba dinero. Junt\u00f3 todos los libros que ten\u00eda en su casa -varios centenares de vol\u00famenes- y parti\u00f3 para venderlos en la capital. En el camino se encontr\u00f3 con otro letrado, quien, despu\u00e9s de mirar la lista de los libros, dese\u00f3 vivamente poseerlos. Pero \u00e9l era pobre y no\u2026","rel":"","context":"En \u00abLimones\u00bb","block_context":{"text":"Limones","link":"https:\/\/quechilero.com\/blog\/category\/limones\/"},"img":{"alt_text":"","src":"","width":0,"height":0},"classes":[]},{"id":280,"url":"https:\/\/quechilero.com\/blog\/2006\/10\/18\/cuenta-las-bendiciones\/","url_meta":{"origin":1042,"position":2},"title":"Cuenta las bendiciones","author":"Pepe Barrascout Ortiz","date":"18 octubre 2006","format":false,"excerpt":"A la edad de treinta y dos a\u00f1os a Doug McKnight se le diagnostic\u00f3 esclerosis m\u00faltiple. Los diecis\u00e9is a\u00f1os siguientes le costaron su carrera, su movilidad y finalmente la vida. Debido a la esclerosis m\u00faltiple no pod\u00eda comer por s\u00ed mismo ni caminar; combati\u00f3 la depresi\u00f3n y el temor. A\u2026","rel":"","context":"En \u00abLimones\u00bb","block_context":{"text":"Limones","link":"https:\/\/quechilero.com\/blog\/category\/limones\/"},"img":{"alt_text":"","src":"","width":0,"height":0},"classes":[]},{"id":27,"url":"https:\/\/quechilero.com\/blog\/2006\/07\/15\/para-nuestra-limonada\/","url_meta":{"origin":1042,"position":3},"title":"Para nuestra limonada","author":"Pepe Barrascout Ortiz","date":"15 julio 2006","format":false,"excerpt":"Limonada 1 Un hombre que siempre molestaba a su mujer, pas\u00f3 un d\u00eda por la casa de unos amigos para que lo acompa\u00f1asen al aeropuerto a dejar a su esposa que viajaba a Paris. A la salida de inmigraci\u00f3n, frente a todo el mundo, \u00e9l le desea buen viaje y\u2026","rel":"","context":"En \u00abLimones\u00bb","block_context":{"text":"Limones","link":"https:\/\/quechilero.com\/blog\/category\/limones\/"},"img":{"alt_text":"","src":"","width":0,"height":0},"classes":[]},{"id":412,"url":"https:\/\/quechilero.com\/blog\/2007\/06\/25\/maestra\/","url_meta":{"origin":1042,"position":4},"title":"Maestra","author":"Pepe Barrascout Ortiz","date":"25 junio 2007","format":false,"excerpt":"Tan buena como mi vieja y como ella nerviosa, de las que agrandan las cosas y que por nada se quejan; Ten\u00eda entre ceja y ceja esa cuesti\u00f3n del aseo y en lo mejor del recreo revisaba las orejas.Dec\u00eda que un pajarito al o\u00eddo le nombraba los ni\u00f1os que conversaban\u2026","rel":"","context":"En \u00abLimones\u00bb","block_context":{"text":"Limones","link":"https:\/\/quechilero.com\/blog\/category\/limones\/"},"img":{"alt_text":"","src":"","width":0,"height":0},"classes":[]},{"id":15574,"url":"https:\/\/quechilero.com\/blog\/2013\/01\/05\/me-gustaria\/","url_meta":{"origin":1042,"position":5},"title":"Me gustar\u00eda&#8230;","author":"Pepe Barrascout Ortiz","date":"5 enero 2013","format":false,"excerpt":"Me gustar\u00eda que en el d\u00eda de mi muerte se dijera que Martin Luther King trat\u00f3 de vivir en el servicio al pr\u00f3jimo. Me gustar\u00eda que alguien dijera aquel d\u00eda que Martin Luther King trat\u00f3 de amar a alguien. Ese d\u00eda quiero que puedan decir que trat\u00e9 de ser justo\u2026","rel":"","context":"En \u00abLimones\u00bb","block_context":{"text":"Limones","link":"https:\/\/quechilero.com\/blog\/category\/limones\/"},"img":{"alt_text":"","src":"","width":0,"height":0},"classes":[]}],"jetpack_featured_media_url":"","_links":{"self":[{"href":"https:\/\/quechilero.com\/blog\/wp-json\/wp\/v2\/posts\/1042","targetHints":{"allow":["GET"]}}],"collection":[{"href":"https:\/\/quechilero.com\/blog\/wp-json\/wp\/v2\/posts"}],"about":[{"href":"https:\/\/quechilero.com\/blog\/wp-json\/wp\/v2\/types\/post"}],"author":[{"embeddable":true,"href":"https:\/\/quechilero.com\/blog\/wp-json\/wp\/v2\/users\/1"}],"replies":[{"embeddable":true,"href":"https:\/\/quechilero.com\/blog\/wp-json\/wp\/v2\/comments?post=1042"}],"version-history":[{"count":0,"href":"https:\/\/quechilero.com\/blog\/wp-json\/wp\/v2\/posts\/1042\/revisions"}],"wp:attachment":[{"href":"https:\/\/quechilero.com\/blog\/wp-json\/wp\/v2\/media?parent=1042"}],"wp:term":[{"taxonomy":"category","embeddable":true,"href":"https:\/\/quechilero.com\/blog\/wp-json\/wp\/v2\/categories?post=1042"},{"taxonomy":"post_tag","embeddable":true,"href":"https:\/\/quechilero.com\/blog\/wp-json\/wp\/v2\/tags?post=1042"},{"taxonomy":"series","embeddable":true,"href":"https:\/\/quechilero.com\/blog\/wp-json\/wp\/v2\/series?post=1042"}],"curies":[{"name":"wp","href":"https:\/\/api.w.org\/{rel}","templated":true}]}}