{"id":10389,"date":"2011-10-17T12:00:42","date_gmt":"2011-10-17T18:00:42","guid":{"rendered":"http:\/\/quechilero.com\/blog\/?p=10389"},"modified":"2011-10-17T12:00:42","modified_gmt":"2011-10-17T18:00:42","slug":"esculturas-en-papel-simon-schubert","status":"publish","type":"post","link":"https:\/\/quechilero.com\/blog\/2011\/10\/17\/esculturas-en-papel-simon-schubert\/","title":{"rendered":"Esculturas en Papel: Simon Schubert"},"content":{"rendered":"<p><a title=\"Esculturas en Papel: Simon Schubert\" href=\"http:\/\/www.simonschubert.de\/papierarbeiten.html\" target=\"_blank\">Simon\u00a0Schubert<\/a> es un artista con base en\u00a0Colonia, Alemania. Sus obras\u00a0imaginan\u00a0la configuraci\u00f3n arquitect\u00f3nica, las situaciones\u00a0y los objetos comunes,\u00a0mientras que el material\u00a0que utiliza son\u00a0simples o\u00a0sofisticados\u00a0&#8211;\u00a0papel blanco doblado\u00a0o con mecanismos mixtos de usando pape de peri\u00f3dico.<\/p>\n<p><a href=\"http:\/\/s392.photobucket.com\/albums\/pp7\/pepejaguar\/blog\/?action=view&amp;current=Simon-Schubert-01.jpg\"><img data-recalc-dims=\"1\" loading=\"lazy\" decoding=\"async\" class=\"alignnone\" src=\"https:\/\/i0.wp.com\/i392.photobucket.com\/albums\/pp7\/pepejaguar\/blog\/Simon-Schubert-01.jpg?resize=500%2C450\" alt=\"\" width=\"500\" height=\"450\" \/><\/a><\/p>\n<p><!--more--><a href=\"http:\/\/s392.photobucket.com\/albums\/pp7\/pepejaguar\/blog\/?action=view&amp;current=Simon-Schubert-02.jpg\"><img data-recalc-dims=\"1\" loading=\"lazy\" decoding=\"async\" class=\"alignnone\" src=\"https:\/\/i0.wp.com\/i392.photobucket.com\/albums\/pp7\/pepejaguar\/blog\/Simon-Schubert-02.jpg?resize=500%2C450\" alt=\"\" width=\"500\" height=\"450\" \/><\/a><\/p>\n<p><a href=\"http:\/\/s392.photobucket.com\/albums\/pp7\/pepejaguar\/blog\/?action=view&amp;current=Simon-Schubert-03.jpg\"><img data-recalc-dims=\"1\" loading=\"lazy\" decoding=\"async\" class=\"alignnone\" src=\"https:\/\/i0.wp.com\/i392.photobucket.com\/albums\/pp7\/pepejaguar\/blog\/Simon-Schubert-03.jpg?resize=500%2C400\" alt=\"\" width=\"500\" height=\"400\" \/><\/a><\/p>\n<p><a href=\"http:\/\/s392.photobucket.com\/albums\/pp7\/pepejaguar\/blog\/?action=view&amp;current=Simon-Schubert-04.jpg\"><img data-recalc-dims=\"1\" loading=\"lazy\" decoding=\"async\" class=\"alignnone\" src=\"https:\/\/i0.wp.com\/i392.photobucket.com\/albums\/pp7\/pepejaguar\/blog\/Simon-Schubert-04.jpg?resize=500%2C450\" alt=\"\" width=\"500\" height=\"450\" \/><\/a><\/p>\n<p>Ac\u00e1 puedes ver la serie completa de\u00a0<a title=\"Esculturas en Papel\" href=\"http:\/\/quechilero.com\/blog\/?s=esculturas+en+papel\" target=\"_blank\">Esculturas en Papel<\/a>.<\/p>\n","protected":false},"excerpt":{"rendered":"<p>Simon\u00a0Schubert es un artista con base en\u00a0Colonia, Alemania. Sus obras\u00a0imaginan\u00a0la configuraci\u00f3n arquitect\u00f3nica, las situaciones\u00a0y los objetos comunes,\u00a0mientras que el material\u00a0que utiliza son\u00a0simples o\u00a0sofisticados\u00a0&#8211;\u00a0papel blanco doblado\u00a0o con mecanismos mixtos de usando pape de peri\u00f3dico.<\/p>\n","protected":false},"author":1,"featured_media":0,"comment_status":"open","ping_status":"open","sticky":false,"template":"","format":"standard","meta":{"advanced_seo_description":"","jetpack_seo_html_title":"","jetpack_seo_noindex":false,"jetpack_seo_schema_type":"","episode_type":"","audio_file":"","podmotor_file_id":"","podmotor_episode_id":"","cover_image":"","cover_image_id":"","duration":"","filesize":"","filesize_raw":"","date_recorded":"","explicit":"","block":"","_jetpack_newsletter_access":"","_jetpack_dont_email_post_to_subs":false,"_jetpack_newsletter_tier_id":0,"_jetpack_memberships_contains_paywalled_content":false,"_jetpack_feature_clip_id":0,"_jetpack_memberships_contains_paid_content":false,"footnotes":"","jetpack_publicize_message":"","jetpack_publicize_feature_enabled":true,"jetpack_social_post_already_shared":false,"jetpack_social_options":{"image_generator_settings":{"template":"highway","default_image_id":0,"font":"","enabled":false},"version":2},"jetpack_post_was_ever_published":false},"categories":[98],"tags":[],"series":[],"class_list":["post-10389","post","type-post","status-publish","format-standard","hentry","category-limones-por-mano"],"episode_featured_image":false,"episode_player_image":"https:\/\/i0.wp.com\/quechilero.com\/blog\/imagenes\/podcast.png?fit=1831%2C1831&ssl=1","download_link":"","player_link":"","audio_player":false,"episode_data":{"playerMode":"dark","subscribeUrls":{"amazon":{"key":"amazon","url":"","label":"Amazon","class":"amazon","icon":"amazon.png"},"apple_podcasts":{"key":"apple_podcasts","url":"","label":"Apple Podcasts","class":"apple_podcasts","icon":"apple-podcasts.png"},"castbox":{"key":"castbox","url":"","label":"CastBox","class":"castbox","icon":"castbox.png"},"deezer":{"key":"deezer","url":"","label":"Deezer","class":"deezer","icon":"deezer.png"},"google_podcasts":{"key":"google_podcasts","url":"","label":"Google Podcasts","class":"google_podcasts","icon":"google-podcasts.png"},"listen_notes":{"key":"listen_notes","url":"","label":"Listen Notes","class":"listen_notes","icon":"listen-notes.png"},"pandora":{"key":"pandora","url":"","label":"Pandora","class":"pandora","icon":"pandora.png"},"podbean":{"key":"podbean","url":"","label":"Podbean","class":"podbean","icon":"podbean.png"},"podcast_republic":{"key":"podcast_republic","url":"","label":"Podcast Republic","class":"podcast_republic","icon":"podcast-republic.png"},"rss":{"key":"rss","url":"","label":"RSS","class":"rss","icon":"rss.png"},"spotify":{"key":"spotify","url":"","label":"Spotify","class":"spotify","icon":"spotify.png"},"stitcher":{"key":"stitcher","url":"","label":"Stitcher","class":"stitcher","icon":"stitcher.png"},"tunein":{"key":"tunein","url":"","label":"TuneIn","class":"tunein","icon":"tunein.png"},"youtube":{"key":"youtube","url":"","label":"YouTube","class":"youtube","icon":"youtube.png"},"iheartradio":{"key":"iheartradio","url":"","label":"iHeartRadio","class":"iheartradio","icon":"iheartradio.png"},"ivoox":{"key":"ivoox","url":"","label":"iVoox","class":"ivoox","icon":"ivoox.png"}},"rssFeedUrl":"https:\/\/quechilero.com\/blog\/feed\/podcast\/si-la-vida-nos-da-limones","embedCode":"<blockquote class=\"wp-embedded-content\" data-secret=\"l8obrgd5iP\"><a href=\"https:\/\/quechilero.com\/blog\/2011\/10\/17\/esculturas-en-papel-simon-schubert\/\">Esculturas en Papel: Simon Schubert<\/a><\/blockquote><iframe sandbox=\"allow-scripts\" security=\"restricted\" src=\"https:\/\/quechilero.com\/blog\/2011\/10\/17\/esculturas-en-papel-simon-schubert\/embed\/#?secret=l8obrgd5iP\" width=\"500\" height=\"350\" title=\"\u00abEsculturas en Papel: Simon Schubert\u00bb \u2014 Si la Vida nos da Limones...\" data-secret=\"l8obrgd5iP\" frameborder=\"0\" marginwidth=\"0\" marginheight=\"0\" scrolling=\"no\" class=\"wp-embedded-content\"><\/iframe><script>\n\/*! This file is auto-generated *\/\n!function(d,l){\"use strict\";l.querySelector&&d.addEventListener&&\"undefined\"!=typeof URL&&(d.wp=d.wp||{},d.wp.receiveEmbedMessage||(d.wp.receiveEmbedMessage=function(e){var t=e.data;if((t||t.secret||t.message||t.value)&&!\/[^a-zA-Z0-9]\/.test(t.secret)){for(var s,r,n,a=l.querySelectorAll('iframe[data-secret=\"'+t.secret+'\"]'),o=l.querySelectorAll('blockquote[data-secret=\"'+t.secret+'\"]'),c=new RegExp(\"^https?:$\",\"i\"),i=0;i<o.length;i++)o[i].style.display=\"none\";for(i=0;i<a.length;i++)s=a[i],e.source===s.contentWindow&&(s.removeAttribute(\"style\"),\"height\"===t.message?(1e3<(r=parseInt(t.value,10))?r=1e3:~~r<200&&(r=200),s.height=r):\"link\"===t.message&&(r=new URL(s.getAttribute(\"src\")),n=new URL(t.value),c.test(n.protocol))&&n.host===r.host&&l.activeElement===s&&(d.top.location.href=t.value))}},d.addEventListener(\"message\",d.wp.receiveEmbedMessage,!1),l.addEventListener(\"DOMContentLoaded\",function(){for(var e,t,s=l.querySelectorAll(\"iframe.wp-embedded-content\"),r=0;r<s.length;r++)(t=(e=s[r]).getAttribute(\"data-secret\"))||(t=Math.random().toString(36).substring(2,12),e.src+=\"#?secret=\"+t,e.setAttribute(\"data-secret\",t)),e.contentWindow.postMessage({message:\"ready\",secret:t},\"*\")},!1)))}(window,document);\n\/\/# sourceURL=https:\/\/quechilero.com\/blog\/wp-includes\/js\/wp-embed.min.js\n<\/script>\n"},"jetpack_publicize_connections":[],"jetpack_shortlink":"https:\/\/wp.me\/pDKli-2Hz","jetpack_sharing_enabled":true,"jetpack-related-posts":[{"id":13911,"url":"https:\/\/quechilero.com\/blog\/2012\/12\/08\/ave-maria-ellens-dritter-gesang\/","url_meta":{"origin":10389,"position":0},"title":"Ave Mar\u00eda &#8211; Ellens dritter Gesang","author":"Pepe Barrascout Ortiz","date":"8 diciembre 2012","format":false,"excerpt":"Hoy que celebramos el d\u00eda de la Virgen de Concepci\u00f3n, cuando el \u00e1ngel del Se\u00f1or le anuncia a la Sant\u00edsima Virgen Mar\u00eda, que ser\u00e1 la Madre de Dios\u00a0y ella con alegr\u00eda, acepta tan importante encargo, lo celebramos cantando el Ave Mar\u00eda, recordando que todos estamos llamados a la santidad. https:\/\/youtu.be\/sZoZwdesumY\u2026","rel":"","context":"En \u00abLimones\u00bb","block_context":{"text":"Limones","link":"https:\/\/quechilero.com\/blog\/category\/limones\/"},"img":{"alt_text":"","src":"https:\/\/i0.wp.com\/img.youtube.com\/vi\/sZoZwdesumY\/0.jpg?resize=350%2C200","width":350,"height":200},"classes":[]},{"id":17375,"url":"https:\/\/quechilero.com\/blog\/2013\/11\/07\/dios-saca-lo-mejor-de-nosotros\/","url_meta":{"origin":10389,"position":1},"title":"Dios saca lo mejor de nosotros","author":"Pepe Barrascout Ortiz","date":"7 noviembre 2013","format":false,"excerpt":"Jes\u00fas ten\u00eda el poder para sacar lo mejor de cada persona. Cuando se encontr\u00f3 con Sim\u00f3n, un torpe pescador bastante charlat\u00e1n, pudo descubrir su potencial a\u00fan m\u00e1s all\u00e1 de sus escasas habilidades. Lo mir\u00f3 a los ojos y le dijo: \"\u00bfAs\u00ed que t\u00fa eres Sim\u00f3n, el hijo de Jon\u00e1s?\" Sim\u00f3n\u2026","rel":"","context":"En \u00abLimones\u00bb","block_context":{"text":"Limones","link":"https:\/\/quechilero.com\/blog\/category\/limones\/"},"img":{"alt_text":"","src":"","width":0,"height":0},"classes":[]},{"id":13410,"url":"https:\/\/quechilero.com\/blog\/2012\/05\/21\/el-circulo-de-oro-un-relato-inspirador\/","url_meta":{"origin":10389,"position":2},"title":"El c\u00edrculo de oro: un relato inspirador","author":"Pepe Barrascout Ortiz","date":"21 mayo 2012","format":false,"excerpt":"https:\/\/youtu.be\/kzIhT6EKgjc Simon\u00a0Sinek:\u00a0C\u00f3mo\u00a0los grandes l\u00edderes\u00a0inspiran la acci\u00f3n Simon Sinek tiene un modelo simple pero potente para transmitir un liderazgo inspirador, todo a partir de un c\u00edrculo de oro y la pregunta \"\u00bfpor qu\u00e9?\". Sus ejemplos incluyen a Apple, Martin Luther King, y los hermanos Wright. Diez y ocho minutos para inspirarse,\u2026","rel":"","context":"En \u00abLimones\u00bb","block_context":{"text":"Limones","link":"https:\/\/quechilero.com\/blog\/category\/limones\/"},"img":{"alt_text":"","src":"https:\/\/i0.wp.com\/img.youtube.com\/vi\/kzIhT6EKgjc\/0.jpg?resize=350%2C200","width":350,"height":200},"classes":[]},{"id":904,"url":"https:\/\/quechilero.com\/blog\/2008\/03\/18\/cuaresma-evangelio-18-mar-08\/","url_meta":{"origin":10389,"position":3},"title":"Cuaresma &#8211; Evangelio 18 mar 08","author":"Pepe Barrascout Ortiz","date":"18 marzo 2008","format":false,"excerpt":"Evangelio seg\u00fan San Juan 13,21-33.36-38. Despu\u00e9s de decir esto, Jes\u00fas se estremeci\u00f3 y manifest\u00f3 claramente: \"Les aseguro que uno de ustedes me entregar\u00e1\". Los disc\u00edpulos se miraban unos a otros, no sabiendo a qui\u00e9n se refer\u00eda. Uno de ellos -el disc\u00edpulo al que Jes\u00fas amaba- estaba reclinado muy cerca de\u2026","rel":"","context":"En \u00abLimones\u00bb","block_context":{"text":"Limones","link":"https:\/\/quechilero.com\/blog\/category\/limones\/"},"img":{"alt_text":"","src":"","width":0,"height":0},"classes":[]},{"id":906,"url":"https:\/\/quechilero.com\/blog\/2008\/03\/20\/cuaresma-evangelio-20-mar-08\/","url_meta":{"origin":10389,"position":4},"title":"Cuaresma &#8211; Evangelio 20 mar 08","author":"Pepe Barrascout Ortiz","date":"20 marzo 2008","format":false,"excerpt":"Evangelio seg\u00fan San Juan 13,1-15. Antes de la fiesta de Pascua, sabiendo Jes\u00fas que hab\u00eda llegado la hora de pasar de este mundo al Padre, \u00c9l, que hab\u00eda amado a los suyos que quedaban en el mundo, los am\u00f3 hasta el fin. Durante la Cena, cuando el demonio ya hab\u00eda\u2026","rel":"","context":"En \u00abLimones\u00bb","block_context":{"text":"Limones","link":"https:\/\/quechilero.com\/blog\/category\/limones\/"},"img":{"alt_text":"","src":"","width":0,"height":0},"classes":[]},{"id":877,"url":"https:\/\/quechilero.com\/blog\/2008\/02\/22\/cuaresma-evangelio-22-feb-08\/","url_meta":{"origin":10389,"position":5},"title":"Cuaresma &#8211; Evangelio 22 feb 08","author":"Pepe Barrascout Ortiz","date":"22 febrero 2008","format":false,"excerpt":"Evangelio seg\u00fan San Mateo 16,13-19. Al llegar a la regi\u00f3n de Cesarea de Filipo, Jes\u00fas pregunt\u00f3 a sus disc\u00edpulos: \"\u00bfQu\u00e9 dice la gente sobre el Hijo del hombre? \u00bfQui\u00e9n dicen que es?\". Ellos le respondieron: \"Unos dicen que es Juan el Bautista; otros, El\u00edas; y otros, Jerem\u00edas o alguno de\u2026","rel":"","context":"En \u00abLimones\u00bb","block_context":{"text":"Limones","link":"https:\/\/quechilero.com\/blog\/category\/limones\/"},"img":{"alt_text":"","src":"","width":0,"height":0},"classes":[]}],"jetpack_featured_media_url":"","_links":{"self":[{"href":"https:\/\/quechilero.com\/blog\/wp-json\/wp\/v2\/posts\/10389","targetHints":{"allow":["GET"]}}],"collection":[{"href":"https:\/\/quechilero.com\/blog\/wp-json\/wp\/v2\/posts"}],"about":[{"href":"https:\/\/quechilero.com\/blog\/wp-json\/wp\/v2\/types\/post"}],"author":[{"embeddable":true,"href":"https:\/\/quechilero.com\/blog\/wp-json\/wp\/v2\/users\/1"}],"replies":[{"embeddable":true,"href":"https:\/\/quechilero.com\/blog\/wp-json\/wp\/v2\/comments?post=10389"}],"version-history":[{"count":0,"href":"https:\/\/quechilero.com\/blog\/wp-json\/wp\/v2\/posts\/10389\/revisions"}],"wp:attachment":[{"href":"https:\/\/quechilero.com\/blog\/wp-json\/wp\/v2\/media?parent=10389"}],"wp:term":[{"taxonomy":"category","embeddable":true,"href":"https:\/\/quechilero.com\/blog\/wp-json\/wp\/v2\/categories?post=10389"},{"taxonomy":"post_tag","embeddable":true,"href":"https:\/\/quechilero.com\/blog\/wp-json\/wp\/v2\/tags?post=10389"},{"taxonomy":"series","embeddable":true,"href":"https:\/\/quechilero.com\/blog\/wp-json\/wp\/v2\/series?post=10389"}],"curies":[{"name":"wp","href":"https:\/\/api.w.org\/{rel}","templated":true}]}}