{"id":10385,"date":"2011-09-10T12:00:59","date_gmt":"2011-09-10T18:00:59","guid":{"rendered":"http:\/\/quechilero.com\/blog\/?p=10385"},"modified":"2011-09-10T12:00:59","modified_gmt":"2011-09-10T18:00:59","slug":"nunca-subestimes-a-un-pendejo","status":"publish","type":"post","link":"https:\/\/quechilero.com\/blog\/2011\/09\/10\/nunca-subestimes-a-un-pendejo\/","title":{"rendered":"Nunca subestimes a un pendejo"},"content":{"rendered":"<p>Ahora que estamos a la v\u00edspera del <em>proceso de elecciones 2011<\/em>, en el que todos los <em>guatemaltecos<\/em>, elegiremos con nuestro voto, a las personas que administrar\u00e1n el pa\u00eds, en los pr\u00f3ximos a\u00f1os, es un buen momento para recordar una frase de <em>Facundo Cabral<\/em>:<\/p>\n<blockquote><p>Nunca subestimes a un pendejo, porque al ser mayor\u00eda eligen hasta al presidente.<\/p><\/blockquote>\n<p>Basta ya de <em>ser o que nos vean como pendejos<\/em>, el voto no debe ser producto de cancioncitas, regalitos, panes con pollo, playeras, promesas ef\u00edmeras, publicidad sobre expuesta o encuestas compradas.<\/p>\n<p>Usemos nuestro criterio y sentido com\u00fan y votemos no por el de la canci\u00f3n mas pegajosa, sino por el que, a nuestro criterio, ser\u00e1 el mejor. No votemos por el menos peor, votemos por el mejor.<\/p>\n<p>Es nuestra vida y la de las futuras generaciones, la que est\u00e1 en juego. Un voto dura pocos segundos, pero las consecuencias pueden durar a\u00f1os, para bien o para mal. Elijamos bien, ya es hora de que en Guatemala tengamos el presente y el futuro que nos merecemos.<\/p>\n<p>Ya probamos lo malo, ahora es momento de probar lo bueno.<\/p>\n<blockquote><p>Nunca subestimes a un pendejo, puede que alg\u00fan d\u00eda sea tu presidente.<\/p><\/blockquote>\n<p><img data-recalc-dims=\"1\" loading=\"lazy\" decoding=\"async\" class=\"alignnone\" src=\"https:\/\/i0.wp.com\/lh5.googleusercontent.com\/-gFYuacEUrCw\/TmEZ-6ModMI\/AAAAAAAAA-k\/kcxp04Jrr58\/s800\/nosubestimes.jpg?resize=500%2C777&#038;ssl=1\" alt=\"\" width=\"500\" height=\"777\" \/><\/p>\n<p><em>Imagen de <a title=\"Nunca subestimes a un pendejo\" href=\"http:\/\/cinismoilustrado.com\" target=\"_blank\">Cinismo Ilustrado<\/a>.<\/em><\/p>\n","protected":false},"excerpt":{"rendered":"<p>Ahora que estamos a la v\u00edspera del proceso de elecciones 2011, en el que todos los guatemaltecos, elegiremos con nuestro voto, a las personas que administrar\u00e1n el pa\u00eds, en los pr\u00f3ximos a\u00f1os, es un buen momento para recordar una frase de Facundo Cabral: Nunca subestimes a un pendejo, porque al ser mayor\u00eda eligen hasta al &#8230; <a title=\"Nunca subestimes a un pendejo\" class=\"read-more\" href=\"https:\/\/quechilero.com\/blog\/2011\/09\/10\/nunca-subestimes-a-un-pendejo\/\" aria-label=\"Leer m\u00e1s sobre Nunca subestimes a un pendejo\">Leer m\u00e1s<\/a><\/p>\n","protected":false},"author":1,"featured_media":0,"comment_status":"open","ping_status":"open","sticky":false,"template":"","format":"standard","meta":{"advanced_seo_description":"","jetpack_seo_html_title":"","jetpack_seo_noindex":false,"jetpack_seo_schema_type":"","episode_type":"","audio_file":"","podmotor_file_id":"","podmotor_episode_id":"","cover_image":"","cover_image_id":"","duration":"","filesize":"","filesize_raw":"","date_recorded":"","explicit":"","block":"","_jetpack_newsletter_access":"","_jetpack_dont_email_post_to_subs":false,"_jetpack_newsletter_tier_id":0,"_jetpack_memberships_contains_paywalled_content":false,"_jetpack_feature_clip_id":0,"_jetpack_memberships_contains_paid_content":false,"footnotes":"","jetpack_publicize_message":"","jetpack_publicize_feature_enabled":true,"jetpack_social_post_already_shared":false,"jetpack_social_options":{"image_generator_settings":{"template":"highway","default_image_id":0,"font":"","enabled":false},"version":2},"jetpack_post_was_ever_published":false},"categories":[2],"tags":[10,24],"series":[],"class_list":["post-10385","post","type-post","status-publish","format-standard","hentry","category-limones","tag-guatemala","tag-vida"],"episode_featured_image":false,"episode_player_image":"https:\/\/i0.wp.com\/quechilero.com\/blog\/imagenes\/podcast.png?fit=1831%2C1831&ssl=1","download_link":"","player_link":"","audio_player":false,"episode_data":{"playerMode":"dark","subscribeUrls":{"amazon":{"key":"amazon","url":"","label":"Amazon","class":"amazon","icon":"amazon.png"},"apple_podcasts":{"key":"apple_podcasts","url":"","label":"Apple Podcasts","class":"apple_podcasts","icon":"apple-podcasts.png"},"castbox":{"key":"castbox","url":"","label":"CastBox","class":"castbox","icon":"castbox.png"},"deezer":{"key":"deezer","url":"","label":"Deezer","class":"deezer","icon":"deezer.png"},"google_podcasts":{"key":"google_podcasts","url":"","label":"Google Podcasts","class":"google_podcasts","icon":"google-podcasts.png"},"listen_notes":{"key":"listen_notes","url":"","label":"Listen Notes","class":"listen_notes","icon":"listen-notes.png"},"pandora":{"key":"pandora","url":"","label":"Pandora","class":"pandora","icon":"pandora.png"},"podbean":{"key":"podbean","url":"","label":"Podbean","class":"podbean","icon":"podbean.png"},"podcast_republic":{"key":"podcast_republic","url":"","label":"Podcast Republic","class":"podcast_republic","icon":"podcast-republic.png"},"rss":{"key":"rss","url":"","label":"RSS","class":"rss","icon":"rss.png"},"spotify":{"key":"spotify","url":"","label":"Spotify","class":"spotify","icon":"spotify.png"},"stitcher":{"key":"stitcher","url":"","label":"Stitcher","class":"stitcher","icon":"stitcher.png"},"tunein":{"key":"tunein","url":"","label":"TuneIn","class":"tunein","icon":"tunein.png"},"youtube":{"key":"youtube","url":"","label":"YouTube","class":"youtube","icon":"youtube.png"},"iheartradio":{"key":"iheartradio","url":"","label":"iHeartRadio","class":"iheartradio","icon":"iheartradio.png"},"ivoox":{"key":"ivoox","url":"","label":"iVoox","class":"ivoox","icon":"ivoox.png"}},"rssFeedUrl":"https:\/\/quechilero.com\/blog\/feed\/podcast\/si-la-vida-nos-da-limones","embedCode":"<blockquote class=\"wp-embedded-content\" data-secret=\"2K3cK8fg2X\"><a href=\"https:\/\/quechilero.com\/blog\/2011\/09\/10\/nunca-subestimes-a-un-pendejo\/\">Nunca subestimes a un pendejo<\/a><\/blockquote><iframe sandbox=\"allow-scripts\" security=\"restricted\" src=\"https:\/\/quechilero.com\/blog\/2011\/09\/10\/nunca-subestimes-a-un-pendejo\/embed\/#?secret=2K3cK8fg2X\" width=\"500\" height=\"350\" title=\"\u00abNunca subestimes a un pendejo\u00bb \u2014 Si la Vida nos da Limones...\" data-secret=\"2K3cK8fg2X\" frameborder=\"0\" marginwidth=\"0\" marginheight=\"0\" scrolling=\"no\" class=\"wp-embedded-content\"><\/iframe><script>\n\/*! This file is auto-generated *\/\n!function(d,l){\"use strict\";l.querySelector&&d.addEventListener&&\"undefined\"!=typeof URL&&(d.wp=d.wp||{},d.wp.receiveEmbedMessage||(d.wp.receiveEmbedMessage=function(e){var t=e.data;if((t||t.secret||t.message||t.value)&&!\/[^a-zA-Z0-9]\/.test(t.secret)){for(var s,r,n,a=l.querySelectorAll('iframe[data-secret=\"'+t.secret+'\"]'),o=l.querySelectorAll('blockquote[data-secret=\"'+t.secret+'\"]'),c=new RegExp(\"^https?:$\",\"i\"),i=0;i<o.length;i++)o[i].style.display=\"none\";for(i=0;i<a.length;i++)s=a[i],e.source===s.contentWindow&&(s.removeAttribute(\"style\"),\"height\"===t.message?(1e3<(r=parseInt(t.value,10))?r=1e3:~~r<200&&(r=200),s.height=r):\"link\"===t.message&&(r=new URL(s.getAttribute(\"src\")),n=new URL(t.value),c.test(n.protocol))&&n.host===r.host&&l.activeElement===s&&(d.top.location.href=t.value))}},d.addEventListener(\"message\",d.wp.receiveEmbedMessage,!1),l.addEventListener(\"DOMContentLoaded\",function(){for(var e,t,s=l.querySelectorAll(\"iframe.wp-embedded-content\"),r=0;r<s.length;r++)(t=(e=s[r]).getAttribute(\"data-secret\"))||(t=Math.random().toString(36).substring(2,12),e.src+=\"#?secret=\"+t,e.setAttribute(\"data-secret\",t)),e.contentWindow.postMessage({message:\"ready\",secret:t},\"*\")},!1)))}(window,document);\n\/\/# sourceURL=https:\/\/quechilero.com\/blog\/wp-includes\/js\/wp-embed.min.js\n<\/script>\n"},"jetpack_publicize_connections":[],"jetpack_shortlink":"https:\/\/wp.me\/pDKli-2Hv","jetpack_sharing_enabled":true,"jetpack-related-posts":[{"id":7503,"url":"https:\/\/quechilero.com\/blog\/2011\/09\/19\/triunfo-final\/","url_meta":{"origin":10385,"position":0},"title":"Triunfo final","author":"Pepe Barrascout Ortiz","date":"19 septiembre 2011","format":false,"excerpt":"Luego de perder por s\u00f3lo un voto sus elecciones para alcalde en Hickory, Mississippi en 1993, Charlie Lewis se mud\u00f3 a Michigan. Decidi\u00f3 gozar de la vida tranquila de un retirado, creyendo que el pedido de recusaci\u00f3n de las elecciones que hab\u00eda solicitado al tribunal era poco probable que sucediese.\u2026","rel":"","context":"En \u00abLimones\u00bb","block_context":{"text":"Limones","link":"https:\/\/quechilero.com\/blog\/category\/limones\/"},"img":{"alt_text":"","src":"","width":0,"height":0},"classes":[]},{"id":9805,"url":"https:\/\/quechilero.com\/blog\/2011\/07\/26\/luis-figueroa-consejos-para-las-elecciones\/","url_meta":{"origin":10385,"position":1},"title":"Luis Figueroa: Consejos para las Elecciones","author":"Pepe Barrascout Ortiz","date":"26 julio 2011","format":false,"excerpt":"Nos encontramos a la v\u00edspera de un nuevo\u00a0proceso electoral, este a\u00f1o la participaci\u00f3n ciudadana ha cambiado lo que tradicionalmente mostraban las estad\u00edsticas. Por ejemplo, por primera vez en la historia de Guatemala, hay mas mujeres que hombres en el padr\u00f3n electoral, tambi\u00e9n la participaci\u00f3n de los j\u00f3venes menos de treinta\u2026","rel":"","context":"En \u00abPodcasteando\u00bb","block_context":{"text":"Podcasteando","link":"https:\/\/quechilero.com\/blog\/category\/podcast\/podcasteando\/"},"img":{"alt_text":"","src":"https:\/\/i0.wp.com\/img.youtube.com\/vi\/I7P912Mcues\/0.jpg?resize=350%2C200","width":350,"height":200},"classes":[]},{"id":13334,"url":"https:\/\/quechilero.com\/blog\/2012\/07\/17\/en-el-momento-justo-con-el-angulo-exacto-212\/","url_meta":{"origin":10385,"position":2},"title":"En el momento justo, con el \u00e1ngulo exacto","author":"Pepe Barrascout Ortiz","date":"17 julio 2012","format":false,"excerpt":"Vale mas una pregunta pendeja... que un pendejo que no pregunta. Fotograf\u00eda tomada en el momento justo, con el \u00e1ngulo exacto.","rel":"","context":"En \u00abLimones por mano\u00bb","block_context":{"text":"Limones por mano","link":"https:\/\/quechilero.com\/blog\/category\/limones-por-mano\/"},"img":{"alt_text":"","src":"","width":0,"height":0},"classes":[]},{"id":1922,"url":"https:\/\/quechilero.com\/blog\/2008\/09\/24\/blog-del-mes\/","url_meta":{"origin":10385,"position":3},"title":"Blog del Mes","author":"Pepe Barrascout Ortiz","date":"24 septiembre 2008","format":false,"excerpt":"Fue el 15 de Abril del 2008 en que Chachi (Babosadas m\u00edas y otras hierbas) tuvo la idea de promover un concurso donde se premiara al Blog del Mes, con ciertos par\u00e1metros muy espec\u00edficos al respecto. Y que como premio, tendr\u00e1 el honor de colocar en el blog, una obra\u2026","rel":"","context":"En \u00abLimones\u00bb","block_context":{"text":"Limones","link":"https:\/\/quechilero.com\/blog\/category\/limones\/"},"img":{"alt_text":"","src":"https:\/\/i0.wp.com\/img515.imageshack.us\/img515\/5530\/2696621704f7bba88e07opi0.jpg?resize=350%2C200","width":350,"height":200},"classes":[]},{"id":5166,"url":"https:\/\/quechilero.com\/blog\/2010\/07\/31\/maraton-de-blogs-2010-listado\/","url_meta":{"origin":10385,"position":4},"title":"Marat\u00f3n de Blogs 2010","author":"Pepe Barrascout Ortiz","date":"31 julio 2010","format":false,"excerpt":"El 2010, es el quinto a\u00f1o consecutivo, en el que se realiza el Marat\u00f3n de Blogs, cuyo principal objetivo es la difusi\u00f3n de los blogs, como parte de las celebraciones del\u00a0\u201cBlog Day\u201c. Cada a\u00f1o, se han ido implementando y mejorando, nuevas mec\u00e1nicas y actividades, para lograr el objetivo de promover\u2026","rel":"","context":"En \u00abBlogs de Guatemala\u00bb","block_context":{"text":"Blogs de Guatemala","link":"https:\/\/quechilero.com\/blog\/category\/blogs-de-guatemala\/"},"img":{"alt_text":"","src":"https:\/\/i0.wp.com\/i392.photobucket.com\/albums\/pp7\/pepejaguar\/maraton\/maraton468x602010.jpg?resize=350%2C200","width":350,"height":200},"classes":[]},{"id":3651,"url":"https:\/\/quechilero.com\/blog\/2009\/09\/10\/premios-de-la-maraton-de-blogs-2009\/","url_meta":{"origin":10385,"position":5},"title":"Premios de la Marat\u00f3n de Blogs 2009","author":"Pepe Barrascout Ortiz","date":"10 septiembre 2009","format":false,"excerpt":"Como parte de las actividades que se realizaron en la Marat\u00f3n de Blogs 2009, en esta ocasi\u00f3n ofrec\u00ed dos nombres de dominio para los blogs que mas votos alcanzara, a trav\u00e9s de los comentarios que se publicaron junto al listado de participantes para el 2009. El otro dominio es para\u2026","rel":"","context":"En \u00abBlogs de Guatemala\u00bb","block_context":{"text":"Blogs de Guatemala","link":"https:\/\/quechilero.com\/blog\/category\/blogs-de-guatemala\/"},"img":{"alt_text":"Marat\u00f3n de Blogs 2009","src":"https:\/\/i0.wp.com\/i392.photobucket.com\/albums\/pp7\/pepejaguar\/maraton2009\/maraton2009.jpg?resize=350%2C200","width":350,"height":200,"srcset":"https:\/\/i0.wp.com\/i392.photobucket.com\/albums\/pp7\/pepejaguar\/maraton2009\/maraton2009.jpg?resize=350%2C200 1x, https:\/\/i0.wp.com\/i392.photobucket.com\/albums\/pp7\/pepejaguar\/maraton2009\/maraton2009.jpg?resize=525%2C300 1.5x"},"classes":[]}],"jetpack_featured_media_url":"","_links":{"self":[{"href":"https:\/\/quechilero.com\/blog\/wp-json\/wp\/v2\/posts\/10385","targetHints":{"allow":["GET"]}}],"collection":[{"href":"https:\/\/quechilero.com\/blog\/wp-json\/wp\/v2\/posts"}],"about":[{"href":"https:\/\/quechilero.com\/blog\/wp-json\/wp\/v2\/types\/post"}],"author":[{"embeddable":true,"href":"https:\/\/quechilero.com\/blog\/wp-json\/wp\/v2\/users\/1"}],"replies":[{"embeddable":true,"href":"https:\/\/quechilero.com\/blog\/wp-json\/wp\/v2\/comments?post=10385"}],"version-history":[{"count":0,"href":"https:\/\/quechilero.com\/blog\/wp-json\/wp\/v2\/posts\/10385\/revisions"}],"wp:attachment":[{"href":"https:\/\/quechilero.com\/blog\/wp-json\/wp\/v2\/media?parent=10385"}],"wp:term":[{"taxonomy":"category","embeddable":true,"href":"https:\/\/quechilero.com\/blog\/wp-json\/wp\/v2\/categories?post=10385"},{"taxonomy":"post_tag","embeddable":true,"href":"https:\/\/quechilero.com\/blog\/wp-json\/wp\/v2\/tags?post=10385"},{"taxonomy":"series","embeddable":true,"href":"https:\/\/quechilero.com\/blog\/wp-json\/wp\/v2\/series?post=10385"}],"curies":[{"name":"wp","href":"https:\/\/api.w.org\/{rel}","templated":true}]}}