{"id":1038,"date":"2008-09-03T12:45:15","date_gmt":"2008-09-03T18:45:15","guid":{"rendered":"http:\/\/quechilero.com\/blog\/?p=1038"},"modified":"2014-08-01T13:44:00","modified_gmt":"2014-08-01T19:44:00","slug":"hay-un-pais","status":"publish","type":"post","link":"https:\/\/quechilero.com\/blog\/2008\/09\/03\/hay-un-pais\/","title":{"rendered":"Hay un pa\u00eds"},"content":{"rendered":"<p>Spot publicitario <strong>Guatemala, la amas o la amas<\/strong>, no es de las mejores producciones ni de las mas originales, pero de alguna manera despierta ese sentimiento <em>nacionalista<\/em> del que cada vez dudo mas.<\/p>\n<p>Por cierto, \u00bfno se si los que crearon este video sabr\u00e1n que nuestro pa\u00eds se llama <strong>Guatemala<\/strong> no <em>\u00abguate\u00bb<\/em>?<em>.<\/em><\/p>\n<p><span class=\"embed-youtube\" style=\"text-align:center; display: block;\"><iframe loading=\"lazy\" class=\"youtube-player\" width=\"1200\" height=\"675\" src=\"https:\/\/www.youtube.com\/embed\/BAsJvTD8muU?version=3&#038;rel=1&#038;showsearch=0&#038;showinfo=1&#038;iv_load_policy=1&#038;fs=1&#038;hl=es-ES&#038;autohide=2&#038;wmode=transparent\" allowfullscreen=\"true\" style=\"border:0;\" sandbox=\"allow-scripts allow-same-origin allow-popups allow-presentation allow-popups-to-escape-sandbox\"><\/iframe><\/span><\/p>\n<p>Por <em>correo electr\u00f3nico<\/em> de vez en cuando llega un listado de <strong>guatemaltequismos<\/strong> en los que seguramente fue basada esta <em>publicidad<\/em>.<\/p>\n","protected":false},"excerpt":{"rendered":"<p>Spot publicitario Guatemala, la amas o la amas, no es de las mejores producciones ni de las mas originales, pero de alguna manera despierta ese sentimiento nacionalista del que cada vez dudo mas. Por cierto, \u00bfno se si los que crearon este video sabr\u00e1n que nuestro pa\u00eds se llama Guatemala no \u00abguate\u00bb?. Por correo electr\u00f3nico &#8230; <a title=\"Hay un pa\u00eds\" class=\"read-more\" href=\"https:\/\/quechilero.com\/blog\/2008\/09\/03\/hay-un-pais\/\" aria-label=\"Leer m\u00e1s sobre Hay un pa\u00eds\">Leer m\u00e1s<\/a><\/p>\n","protected":false},"author":1,"featured_media":0,"comment_status":"open","ping_status":"open","sticky":false,"template":"","format":"standard","meta":{"advanced_seo_description":"","jetpack_seo_html_title":"","jetpack_seo_noindex":false,"jetpack_seo_schema_type":"","episode_type":"","audio_file":"","podmotor_file_id":"","podmotor_episode_id":"","cover_image":"","cover_image_id":"","duration":"","filesize":"","filesize_raw":"","date_recorded":"","explicit":"","block":"","_jetpack_newsletter_access":"","_jetpack_dont_email_post_to_subs":false,"_jetpack_newsletter_tier_id":0,"_jetpack_memberships_contains_paywalled_content":false,"_jetpack_feature_clip_id":0,"_jetpack_memberships_contains_paid_content":false,"footnotes":"","jetpack_publicize_message":"","jetpack_publicize_feature_enabled":true,"jetpack_social_post_already_shared":false,"jetpack_social_options":{"image_generator_settings":{"template":"highway","default_image_id":0,"font":"","enabled":false},"version":2},"jetpack_post_was_ever_published":false},"categories":[113],"tags":[10,82,25,53],"series":[],"class_list":["post-1038","post","type-post","status-publish","format-standard","hentry","category-videoblog","tag-guatemala","tag-sentimiento","tag-video","tag-youtube"],"episode_featured_image":false,"episode_player_image":"https:\/\/i0.wp.com\/quechilero.com\/blog\/imagenes\/podcast.png?fit=1831%2C1831&ssl=1","download_link":"","player_link":"","audio_player":false,"episode_data":{"playerMode":"dark","subscribeUrls":{"amazon":{"key":"amazon","url":"","label":"Amazon","class":"amazon","icon":"amazon.png"},"apple_podcasts":{"key":"apple_podcasts","url":"","label":"Apple Podcasts","class":"apple_podcasts","icon":"apple-podcasts.png"},"castbox":{"key":"castbox","url":"","label":"CastBox","class":"castbox","icon":"castbox.png"},"deezer":{"key":"deezer","url":"","label":"Deezer","class":"deezer","icon":"deezer.png"},"google_podcasts":{"key":"google_podcasts","url":"","label":"Google Podcasts","class":"google_podcasts","icon":"google-podcasts.png"},"listen_notes":{"key":"listen_notes","url":"","label":"Listen Notes","class":"listen_notes","icon":"listen-notes.png"},"pandora":{"key":"pandora","url":"","label":"Pandora","class":"pandora","icon":"pandora.png"},"podbean":{"key":"podbean","url":"","label":"Podbean","class":"podbean","icon":"podbean.png"},"podcast_republic":{"key":"podcast_republic","url":"","label":"Podcast Republic","class":"podcast_republic","icon":"podcast-republic.png"},"rss":{"key":"rss","url":"","label":"RSS","class":"rss","icon":"rss.png"},"spotify":{"key":"spotify","url":"","label":"Spotify","class":"spotify","icon":"spotify.png"},"stitcher":{"key":"stitcher","url":"","label":"Stitcher","class":"stitcher","icon":"stitcher.png"},"tunein":{"key":"tunein","url":"","label":"TuneIn","class":"tunein","icon":"tunein.png"},"youtube":{"key":"youtube","url":"","label":"YouTube","class":"youtube","icon":"youtube.png"},"iheartradio":{"key":"iheartradio","url":"","label":"iHeartRadio","class":"iheartradio","icon":"iheartradio.png"},"ivoox":{"key":"ivoox","url":"","label":"iVoox","class":"ivoox","icon":"ivoox.png"}},"rssFeedUrl":"https:\/\/quechilero.com\/blog\/feed\/podcast\/si-la-vida-nos-da-limones","embedCode":"<blockquote class=\"wp-embedded-content\" data-secret=\"DoPe1KvNx3\"><a href=\"https:\/\/quechilero.com\/blog\/2008\/09\/03\/hay-un-pais\/\">Hay un pa\u00eds<\/a><\/blockquote><iframe sandbox=\"allow-scripts\" security=\"restricted\" src=\"https:\/\/quechilero.com\/blog\/2008\/09\/03\/hay-un-pais\/embed\/#?secret=DoPe1KvNx3\" width=\"500\" height=\"350\" title=\"\u00abHay un pa\u00eds\u00bb \u2014 Si la Vida nos da Limones...\" data-secret=\"DoPe1KvNx3\" frameborder=\"0\" marginwidth=\"0\" marginheight=\"0\" scrolling=\"no\" class=\"wp-embedded-content\"><\/iframe><script>\n\/*! This file is auto-generated *\/\n!function(d,l){\"use strict\";l.querySelector&&d.addEventListener&&\"undefined\"!=typeof URL&&(d.wp=d.wp||{},d.wp.receiveEmbedMessage||(d.wp.receiveEmbedMessage=function(e){var t=e.data;if((t||t.secret||t.message||t.value)&&!\/[^a-zA-Z0-9]\/.test(t.secret)){for(var s,r,n,a=l.querySelectorAll('iframe[data-secret=\"'+t.secret+'\"]'),o=l.querySelectorAll('blockquote[data-secret=\"'+t.secret+'\"]'),c=new RegExp(\"^https?:$\",\"i\"),i=0;i<o.length;i++)o[i].style.display=\"none\";for(i=0;i<a.length;i++)s=a[i],e.source===s.contentWindow&&(s.removeAttribute(\"style\"),\"height\"===t.message?(1e3<(r=parseInt(t.value,10))?r=1e3:~~r<200&&(r=200),s.height=r):\"link\"===t.message&&(r=new URL(s.getAttribute(\"src\")),n=new URL(t.value),c.test(n.protocol))&&n.host===r.host&&l.activeElement===s&&(d.top.location.href=t.value))}},d.addEventListener(\"message\",d.wp.receiveEmbedMessage,!1),l.addEventListener(\"DOMContentLoaded\",function(){for(var e,t,s=l.querySelectorAll(\"iframe.wp-embedded-content\"),r=0;r<s.length;r++)(t=(e=s[r]).getAttribute(\"data-secret\"))||(t=Math.random().toString(36).substring(2,12),e.src+=\"#?secret=\"+t,e.setAttribute(\"data-secret\",t)),e.contentWindow.postMessage({message:\"ready\",secret:t},\"*\")},!1)))}(window,document);\n\/\/# sourceURL=https:\/\/quechilero.com\/blog\/wp-includes\/js\/wp-embed.min.js\n<\/script>\n"},"jetpack_publicize_connections":[],"jetpack_shortlink":"https:\/\/wp.me\/pDKli-gK","jetpack_sharing_enabled":true,"jetpack-related-posts":[{"id":11984,"url":"https:\/\/quechilero.com\/blog\/2012\/02\/04\/ricardo-arjona-y-lo-politicamente-correcto\/","url_meta":{"origin":1038,"position":0},"title":"Ricardo Arjona y lo \u00abpol\u00edticamente correcto\u00bb","author":"Pepe Barrascout Ortiz","date":"4 febrero 2012","format":false,"excerpt":"A finales de diciembre de 2011, corri\u00f3 como la p\u00f3lvora\u00a0el rumor, que despu\u00e9s se confirm\u00f3 como cierto, que Ricardo Arjona\u00a0se encontraba en el pa\u00eds. Como era de esperarse, la noticia llen\u00f3 de orgullo patrio\u00a0a los guanab\u00eds de ocasi\u00f3n, que repentinamente se declaraban como fans incondicionales de Arjona, aunque no se\u2026","rel":"","context":"En \u00abLimones\u00bb","block_context":{"text":"Limones","link":"https:\/\/quechilero.com\/blog\/category\/limones\/"},"img":{"alt_text":"","src":"","width":0,"height":0},"classes":[]},{"id":4745,"url":"https:\/\/quechilero.com\/blog\/2010\/05\/14\/viaje-a-guatemala-video-viral\/","url_meta":{"origin":1038,"position":1},"title":"Viaje a Guatemala: Video Viral","author":"Pepe Barrascout Ortiz","date":"14 mayo 2010","format":false,"excerpt":"No es precisamente un video viral, ni uno publicitario como tal, propiamente dicho, pero cumple con esa funci\u00f3n y mas a\u00fan. El video muestra un resumen, del reciente viaje realizado por un joven estadounidense y su mam\u00e1 a nuestro pa\u00eds. En poco mas de tres minutos y medio, se condensa\u2026","rel":"","context":"En \u00abLimones\u00bb","block_context":{"text":"Limones","link":"https:\/\/quechilero.com\/blog\/category\/limones\/"},"img":{"alt_text":"","src":"","width":0,"height":0},"classes":[]},{"id":17990,"url":"https:\/\/quechilero.com\/blog\/2014\/07\/19\/10-lugares-para-visitar-en-guatemala\/","url_meta":{"origin":1038,"position":2},"title":"10 lugares para visitar en Guatemala","author":"Pepe Barrascout Ortiz","date":"19 julio 2014","format":false,"excerpt":"https:\/\/youtu.be\/tdDhmfmXZTk Algunos de los mejores videos de promoci\u00f3n de Guatemala, han sido hechos por extranjeros, ya sea por su mejor acceso a la tecnolog\u00eda o por el mejor uso que le dan a \u00e9sta o porque no tienen miedo a usar los recursos tecnol\u00f3gicos a su alcance. Sea como sea,\u2026","rel":"","context":"En \u00abVideoBlog\u00bb","block_context":{"text":"VideoBlog","link":"https:\/\/quechilero.com\/blog\/category\/videoblog\/"},"img":{"alt_text":"","src":"https:\/\/i0.wp.com\/img.youtube.com\/vi\/tdDhmfmXZTk\/hqdefault.jpg?resize=350%2C200","width":350,"height":200},"classes":[]},{"id":18086,"url":"https:\/\/quechilero.com\/blog\/2014\/08\/05\/guatemala-desde-el-aire\/","url_meta":{"origin":1038,"position":3},"title":"Guatemala desde el aire","author":"Pepe Barrascout Ortiz","date":"5 agosto 2014","format":false,"excerpt":"La Ciudad de Guatemala es la mas grande, moderna y cosmopolita de Centroam\u00e9rica y desde el aire es a\u00fan mas impresionante. Junto a Antigua Guatemala, son emblem\u00e1ticas en su arquitectura e influencia art\u00edstica, cultural y pol\u00edtica para el pa\u00eds y Centroam\u00e9rica. Ver a Guatemala desde el aire es ver el\u2026","rel":"","context":"En \u00abVideoBlog\u00bb","block_context":{"text":"VideoBlog","link":"https:\/\/quechilero.com\/blog\/category\/videoblog\/"},"img":{"alt_text":"","src":"https:\/\/i0.wp.com\/img.youtube.com\/vi\/4oZ31aDRfrU\/0.jpg?resize=350%2C200","width":350,"height":200},"classes":[]},{"id":5231,"url":"https:\/\/quechilero.com\/blog\/2010\/08\/09\/maraton-de-blogs-haciendo-cine-y-tv-en-guatemala\/","url_meta":{"origin":1038,"position":4},"title":"Marat\u00f3n de Blogs: Haciendo Cine y TV en Guatemala","author":"Pepe Barrascout Ortiz","date":"9 agosto 2010","format":false,"excerpt":"Desde hace tres a\u00f1os, Magdiel V\u00e9liz, ha escrito un blog sobre un tema, que a\u00fan es un sue\u00f1o en nuestro pa\u00eds, el Cine en Guatemala. Algunos muy breves intentos, se han realizado en nuestro pa\u00eds, pero que lamentablemente no se han masificado. A pesar de existir un importante festival de\u2026","rel":"","context":"En \u00abBlogs de Guatemala\u00bb","block_context":{"text":"Blogs de Guatemala","link":"https:\/\/quechilero.com\/blog\/category\/blogs-de-guatemala\/"},"img":{"alt_text":"","src":"https:\/\/i0.wp.com\/i392.photobucket.com\/albums\/pp7\/pepejaguar\/maraton\/cineenguate.png?resize=350%2C200","width":350,"height":200,"srcset":"https:\/\/i0.wp.com\/i392.photobucket.com\/albums\/pp7\/pepejaguar\/maraton\/cineenguate.png?resize=350%2C200 1x, https:\/\/i0.wp.com\/i392.photobucket.com\/albums\/pp7\/pepejaguar\/maraton\/cineenguate.png?resize=525%2C300 1.5x"},"classes":[]},{"id":4801,"url":"https:\/\/quechilero.com\/blog\/2010\/05\/24\/stop-motion-viaje-a-guatemala\/","url_meta":{"origin":1038,"position":5},"title":"Stop Motion, Viaje a Guatemala","author":"Pepe Barrascout Ortiz","date":"24 mayo 2010","format":false,"excerpt":"Adam Atchley es un fot\u00f3grafo, que ha venido a Guatemala y ha documentado su visita, a trav\u00e9s del blog que ha montado. Adem\u00e1s ha creado este video, usando la t\u00e9cnica del stop motion, para resumir en poco mas de 3 minutos, \u00a0su visita y prop\u00f3sito, del viaje realizado al pa\u00eds.\u2026","rel":"","context":"En \u00abVideoBlog\u00bb","block_context":{"text":"VideoBlog","link":"https:\/\/quechilero.com\/blog\/category\/videoblog\/"},"img":{"alt_text":"","src":"https:\/\/i0.wp.com\/img.youtube.com\/vi\/DJ8AZnzWMoM\/0.jpg?resize=350%2C200","width":350,"height":200},"classes":[]}],"jetpack_featured_media_url":"","_links":{"self":[{"href":"https:\/\/quechilero.com\/blog\/wp-json\/wp\/v2\/posts\/1038","targetHints":{"allow":["GET"]}}],"collection":[{"href":"https:\/\/quechilero.com\/blog\/wp-json\/wp\/v2\/posts"}],"about":[{"href":"https:\/\/quechilero.com\/blog\/wp-json\/wp\/v2\/types\/post"}],"author":[{"embeddable":true,"href":"https:\/\/quechilero.com\/blog\/wp-json\/wp\/v2\/users\/1"}],"replies":[{"embeddable":true,"href":"https:\/\/quechilero.com\/blog\/wp-json\/wp\/v2\/comments?post=1038"}],"version-history":[{"count":0,"href":"https:\/\/quechilero.com\/blog\/wp-json\/wp\/v2\/posts\/1038\/revisions"}],"wp:attachment":[{"href":"https:\/\/quechilero.com\/blog\/wp-json\/wp\/v2\/media?parent=1038"}],"wp:term":[{"taxonomy":"category","embeddable":true,"href":"https:\/\/quechilero.com\/blog\/wp-json\/wp\/v2\/categories?post=1038"},{"taxonomy":"post_tag","embeddable":true,"href":"https:\/\/quechilero.com\/blog\/wp-json\/wp\/v2\/tags?post=1038"},{"taxonomy":"series","embeddable":true,"href":"https:\/\/quechilero.com\/blog\/wp-json\/wp\/v2\/series?post=1038"}],"curies":[{"name":"wp","href":"https:\/\/api.w.org\/{rel}","templated":true}]}}