{"id":1037,"date":"2008-09-01T11:54:45","date_gmt":"2008-09-01T17:54:45","guid":{"rendered":"http:\/\/quechilero.com\/blog\/?p=1037"},"modified":"2008-09-01T11:54:45","modified_gmt":"2008-09-01T17:54:45","slug":"inocencia-perdida","status":"publish","type":"post","link":"https:\/\/quechilero.com\/blog\/2008\/09\/01\/inocencia-perdida\/","title":{"rendered":"Inocencia perdida"},"content":{"rendered":"<p>Triste pero cierto, as\u00ed es la realidad del d\u00eda a d\u00eda en nuestro pa\u00eds, muy bonito ser\u00eda que este <strong>mes de la patria<\/strong>, tuvi\u00e9ramos el regalo de no volver a ver im\u00e1genes como esta <strong>nunca mas<\/strong> en Guatemala o en el mundo.<\/p>\n<p>Pero el cambio debe empezar por nosotros mismos, siendo <em>buenos padres, buenos hijos, buenos esposos y sin apartarnos ni un instante de Dios<\/em>.<\/p>\n<p>Dejemos por un lado los resentimientos y ayudemos a nuestro pr\u00f3jimo en la medida de nuestras posibilidades y de esta forma lograremos que esta im\u00e1gen sea un vago recuerdo de nuestra imaginaci\u00f3n donde no recordemos con exactitud si pas\u00f3 alg\u00fan d\u00eda o no.<\/p>\n<p>Que nuestros <strong>ni\u00f1os ni nadie<\/strong>, tengamos que ver nuevamente estas im\u00e1genes.<\/p>\n<p><a title=\"Inocencia Perdida\" href=\"https:\/\/i0.wp.com\/img393.imageshack.us\/img393\/1637\/inocenciada1.jpg\" target=\"_blank\"><img data-recalc-dims=\"1\" decoding=\"async\" alt=\"Inocencia Perdida\" src=\"https:\/\/i0.wp.com\/img393.imageshack.us\/img393\/1637\/inocenciada1.jpg?w=560\"  \/><\/a><\/p>\n<p><em>Fotograf\u00eda publicada en Prensa Libre el domingo 16 de julio 08.<\/em><\/p>\n","protected":false},"excerpt":{"rendered":"<p>Triste pero cierto, as\u00ed es la realidad del d\u00eda a d\u00eda en nuestro pa\u00eds, muy bonito ser\u00eda que este mes de la patria, tuvi\u00e9ramos el regalo de no volver a ver im\u00e1genes como esta nunca mas en Guatemala o en el mundo. Pero el cambio debe empezar por nosotros mismos, siendo buenos padres, buenos hijos, &#8230; <a title=\"Inocencia perdida\" class=\"read-more\" href=\"https:\/\/quechilero.com\/blog\/2008\/09\/01\/inocencia-perdida\/\" aria-label=\"Leer m\u00e1s sobre Inocencia perdida\">Leer m\u00e1s<\/a><\/p>\n","protected":false},"author":1,"featured_media":0,"comment_status":"open","ping_status":"open","sticky":false,"template":"","format":"standard","meta":{"advanced_seo_description":"","jetpack_seo_html_title":"","jetpack_seo_noindex":false,"jetpack_seo_schema_type":"","episode_type":"","audio_file":"","podmotor_file_id":"","podmotor_episode_id":"","cover_image":"","cover_image_id":"","duration":"","filesize":"","filesize_raw":"","date_recorded":"","explicit":"","block":"","_jetpack_newsletter_access":"","_jetpack_dont_email_post_to_subs":false,"_jetpack_newsletter_tier_id":0,"_jetpack_memberships_contains_paywalled_content":false,"_jetpack_feature_clip_id":0,"_jetpack_memberships_contains_paid_content":false,"footnotes":"","jetpack_publicize_message":"","jetpack_publicize_feature_enabled":true,"jetpack_social_post_already_shared":false,"jetpack_social_options":{"image_generator_settings":{"template":"highway","default_image_id":0,"font":"","enabled":false},"version":2},"jetpack_post_was_ever_published":false},"categories":[2],"tags":[51,8,10,82],"series":[],"class_list":["post-1037","post","type-post","status-publish","format-standard","hentry","category-limones","tag-dios","tag-fotografia","tag-guatemala","tag-sentimiento"],"episode_featured_image":false,"episode_player_image":"https:\/\/i0.wp.com\/quechilero.com\/blog\/imagenes\/podcast.png?fit=1831%2C1831&ssl=1","download_link":"","player_link":"","audio_player":false,"episode_data":{"playerMode":"dark","subscribeUrls":{"amazon":{"key":"amazon","url":"","label":"Amazon","class":"amazon","icon":"amazon.png"},"apple_podcasts":{"key":"apple_podcasts","url":"","label":"Apple Podcasts","class":"apple_podcasts","icon":"apple-podcasts.png"},"castbox":{"key":"castbox","url":"","label":"CastBox","class":"castbox","icon":"castbox.png"},"deezer":{"key":"deezer","url":"","label":"Deezer","class":"deezer","icon":"deezer.png"},"google_podcasts":{"key":"google_podcasts","url":"","label":"Google Podcasts","class":"google_podcasts","icon":"google-podcasts.png"},"listen_notes":{"key":"listen_notes","url":"","label":"Listen Notes","class":"listen_notes","icon":"listen-notes.png"},"pandora":{"key":"pandora","url":"","label":"Pandora","class":"pandora","icon":"pandora.png"},"podbean":{"key":"podbean","url":"","label":"Podbean","class":"podbean","icon":"podbean.png"},"podcast_republic":{"key":"podcast_republic","url":"","label":"Podcast Republic","class":"podcast_republic","icon":"podcast-republic.png"},"rss":{"key":"rss","url":"","label":"RSS","class":"rss","icon":"rss.png"},"spotify":{"key":"spotify","url":"","label":"Spotify","class":"spotify","icon":"spotify.png"},"stitcher":{"key":"stitcher","url":"","label":"Stitcher","class":"stitcher","icon":"stitcher.png"},"tunein":{"key":"tunein","url":"","label":"TuneIn","class":"tunein","icon":"tunein.png"},"youtube":{"key":"youtube","url":"","label":"YouTube","class":"youtube","icon":"youtube.png"},"iheartradio":{"key":"iheartradio","url":"","label":"iHeartRadio","class":"iheartradio","icon":"iheartradio.png"},"ivoox":{"key":"ivoox","url":"","label":"iVoox","class":"ivoox","icon":"ivoox.png"}},"rssFeedUrl":"https:\/\/quechilero.com\/blog\/feed\/podcast\/si-la-vida-nos-da-limones","embedCode":"<blockquote class=\"wp-embedded-content\" data-secret=\"daUdO8Lnqz\"><a href=\"https:\/\/quechilero.com\/blog\/2008\/09\/01\/inocencia-perdida\/\">Inocencia perdida<\/a><\/blockquote><iframe sandbox=\"allow-scripts\" security=\"restricted\" src=\"https:\/\/quechilero.com\/blog\/2008\/09\/01\/inocencia-perdida\/embed\/#?secret=daUdO8Lnqz\" width=\"500\" height=\"350\" title=\"\u00abInocencia perdida\u00bb \u2014 Si la Vida nos da Limones...\" data-secret=\"daUdO8Lnqz\" frameborder=\"0\" marginwidth=\"0\" marginheight=\"0\" scrolling=\"no\" class=\"wp-embedded-content\"><\/iframe><script>\n\/*! This file is auto-generated *\/\n!function(d,l){\"use strict\";l.querySelector&&d.addEventListener&&\"undefined\"!=typeof URL&&(d.wp=d.wp||{},d.wp.receiveEmbedMessage||(d.wp.receiveEmbedMessage=function(e){var t=e.data;if((t||t.secret||t.message||t.value)&&!\/[^a-zA-Z0-9]\/.test(t.secret)){for(var s,r,n,a=l.querySelectorAll('iframe[data-secret=\"'+t.secret+'\"]'),o=l.querySelectorAll('blockquote[data-secret=\"'+t.secret+'\"]'),c=new RegExp(\"^https?:$\",\"i\"),i=0;i<o.length;i++)o[i].style.display=\"none\";for(i=0;i<a.length;i++)s=a[i],e.source===s.contentWindow&&(s.removeAttribute(\"style\"),\"height\"===t.message?(1e3<(r=parseInt(t.value,10))?r=1e3:~~r<200&&(r=200),s.height=r):\"link\"===t.message&&(r=new URL(s.getAttribute(\"src\")),n=new URL(t.value),c.test(n.protocol))&&n.host===r.host&&l.activeElement===s&&(d.top.location.href=t.value))}},d.addEventListener(\"message\",d.wp.receiveEmbedMessage,!1),l.addEventListener(\"DOMContentLoaded\",function(){for(var e,t,s=l.querySelectorAll(\"iframe.wp-embedded-content\"),r=0;r<s.length;r++)(t=(e=s[r]).getAttribute(\"data-secret\"))||(t=Math.random().toString(36).substring(2,12),e.src+=\"#?secret=\"+t,e.setAttribute(\"data-secret\",t)),e.contentWindow.postMessage({message:\"ready\",secret:t},\"*\")},!1)))}(window,document);\n\/\/# sourceURL=https:\/\/quechilero.com\/blog\/wp-includes\/js\/wp-embed.min.js\n<\/script>\n"},"jetpack_publicize_connections":[],"jetpack_shortlink":"https:\/\/wp.me\/pDKli-gJ","jetpack_sharing_enabled":true,"jetpack-related-posts":[{"id":9929,"url":"https:\/\/quechilero.com\/blog\/2011\/08\/23\/maraton-de-blogs-guatemala-daily-photo\/","url_meta":{"origin":1037,"position":0},"title":"Marat\u00f3n de Blogs: Guatemala Daily Photo","author":"Pepe Barrascout Ortiz","date":"23 agosto 2011","format":false,"excerpt":"Completando la trilog\u00eda\u00a0en abril de 2011 se publica el primer art\u00edculo de Guatemala Daily Photo, es el tercer proyecto\u00a0que Rudy Gir\u00f3n\u00a0apoya fuertemente, con el objetivo de promover lo bueno que tiene Guatemala, usando como herramienta de divulgaci\u00f3n la fotograf\u00eda. Guatemala Daily Photo\u00a0es dirigido por Hugo Muralles, quien recibe colaboraciones de\u2026","rel":"","context":"En \u00abBlogs de Guatemala\u00bb","block_context":{"text":"Blogs de Guatemala","link":"https:\/\/quechilero.com\/blog\/category\/blogs-de-guatemala\/"},"img":{"alt_text":"","src":"https:\/\/i0.wp.com\/i392.photobucket.com\/albums\/pp7\/pepejaguar\/maraton\/guatemala-daily.png?resize=350%2C200","width":350,"height":200,"srcset":"https:\/\/i0.wp.com\/i392.photobucket.com\/albums\/pp7\/pepejaguar\/maraton\/guatemala-daily.png?resize=350%2C200 1x, https:\/\/i0.wp.com\/i392.photobucket.com\/albums\/pp7\/pepejaguar\/maraton\/guatemala-daily.png?resize=525%2C300 1.5x"},"classes":[]},{"id":639,"url":"https:\/\/quechilero.com\/blog\/2007\/08\/23\/maraton-de-blogs-palacio-de-los-capitanes\/","url_meta":{"origin":1037,"position":1},"title":"Marat\u00f3n de Blogs &#8211; Palacio de los Capitanes","author":"Pepe Barrascout Ortiz","date":"23 agosto 2007","format":false,"excerpt":"Sigue el Marat\u00f3n de Blogs, con este texto publicado originalmente en el blog Mayans in Guatemala, especializado en fotograf\u00edas de alta calidad y muy buena resoluci\u00f3n. Se pueden encontrar im\u00e1genes de los principales puntos tur\u00edsticos del Guatemala, de la arquitectura, de la gente, las costumbres. Sin duda este foto blog\u2026","rel":"","context":"En \u00abLimones\u00bb","block_context":{"text":"Limones","link":"https:\/\/quechilero.com\/blog\/category\/limones\/"},"img":{"alt_text":"","src":"","width":0,"height":0},"classes":[]},{"id":846,"url":"https:\/\/quechilero.com\/blog\/2008\/01\/15\/senor-de-esquipulas\/","url_meta":{"origin":1037,"position":2},"title":"Se\u00f1or de Esquipulas","author":"Pepe Barrascout Ortiz","date":"15 enero 2008","format":false,"excerpt":"\"En la Ciudad de Santiago de Guatemala, en veinte \u00e9 nueve del mes de agosto, del a\u00f1o de mil, \u00e9 quinientos \u00e9 noventa \u00e9 cuatro a\u00f1os, Crist\u00f3bal de Morales, Provisor de este Obispado, concert\u00f3 con Quirio Cata\u00f1o oficial de escultor, que haga pra el pueblo de Esquipulas un Crucifijo de\u2026","rel":"","context":"En \u00abLimones\u00bb","block_context":{"text":"Limones","link":"https:\/\/quechilero.com\/blog\/category\/limones\/"},"img":{"alt_text":"","src":"","width":0,"height":0},"classes":[]},{"id":9927,"url":"https:\/\/quechilero.com\/blog\/2011\/08\/21\/maraton-de-blogs-antigua-daily-photo\/","url_meta":{"origin":1037,"position":3},"title":"Marat\u00f3n de Blogs: Antigua Daily Photo","author":"Pepe Barrascout Ortiz","date":"21 agosto 2011","format":false,"excerpt":"Una Foto diaria de Antigua, es la promesa que Antigua Daily Photo ha cumplido por mas de cinco a\u00f1os. Un proyecto de Rudy Gir\u00f3n\u00a0que desde mayo de 2006 ha dado a conocer al mundo entero, las bellezas culturales, arquitect\u00f3nicas, naturales\u00a0que tiene Antigua Guatemala. Antigua Daily Photo\u00a0est\u00e1 dirigido en primera instancia,\u2026","rel":"","context":"En \u00abBlogs de Guatemala\u00bb","block_context":{"text":"Blogs de Guatemala","link":"https:\/\/quechilero.com\/blog\/category\/blogs-de-guatemala\/"},"img":{"alt_text":"","src":"https:\/\/i0.wp.com\/i392.photobucket.com\/albums\/pp7\/pepejaguar\/maraton\/antigua-daily.png?resize=350%2C200","width":350,"height":200,"srcset":"https:\/\/i0.wp.com\/i392.photobucket.com\/albums\/pp7\/pepejaguar\/maraton\/antigua-daily.png?resize=350%2C200 1x, https:\/\/i0.wp.com\/i392.photobucket.com\/albums\/pp7\/pepejaguar\/maraton\/antigua-daily.png?resize=525%2C300 1.5x"},"classes":[]},{"id":9897,"url":"https:\/\/quechilero.com\/blog\/2011\/08\/14\/maraton-de-blogs-blog-de-jorge-luis\/","url_meta":{"origin":1037,"position":4},"title":"Marat\u00f3n de Blogs: Blog de Jorge Luis","author":"Pepe Barrascout Ortiz","date":"14 agosto 2011","format":false,"excerpt":"El Blog de Jorge Luis, se define a si mismo, como un blog de ideas, dise\u00f1o y locuras. Publicado por Jorge Luis Guti\u00e9rrez, este blog trata de todo un poco, aunque se organiza en ciertas categor\u00edas, en las que se agrupan los distintos contenidos publicados. De tal suerte, podemos leer\u2026","rel":"","context":"En \u00abBlogs de Guatemala\u00bb","block_context":{"text":"Blogs de Guatemala","link":"https:\/\/quechilero.com\/blog\/category\/blogs-de-guatemala\/"},"img":{"alt_text":"","src":"https:\/\/i0.wp.com\/i392.photobucket.com\/albums\/pp7\/pepejaguar\/maraton\/jorge-luis.png?resize=350%2C200","width":350,"height":200,"srcset":"https:\/\/i0.wp.com\/i392.photobucket.com\/albums\/pp7\/pepejaguar\/maraton\/jorge-luis.png?resize=350%2C200 1x, https:\/\/i0.wp.com\/i392.photobucket.com\/albums\/pp7\/pepejaguar\/maraton\/jorge-luis.png?resize=525%2C300 1.5x"},"classes":[]},{"id":19229,"url":"https:\/\/quechilero.com\/blog\/2014\/08\/16\/gracias-mis-amigos\/","url_meta":{"origin":1037,"position":5},"title":"Gracias mis amigos","author":"Pepe Barrascout Ortiz","date":"16 agosto 2014","format":false,"excerpt":"Gracias mis amigos, a todos y cada uno de ustedes que me han manifestado sus muestras de aprecio y cari\u00f1o de las mas distintas formas, con las mas diferentes tecnolog\u00edas y con los estilos propios de cada uno, les agradezco profundamente el tiempo y la molestia que se tomaron, en\u2026","rel":"","context":"En \u00abLimones\u00bb","block_context":{"text":"Limones","link":"https:\/\/quechilero.com\/blog\/category\/limones\/"},"img":{"alt_text":"Gracias mis amigos","src":"https:\/\/i0.wp.com\/lh5.googleusercontent.com\/-RpS6pfoWehM\/U-6vWpl4kKI\/AAAAAAAADLY\/NacLjVERaX0\/s800\/cumplea%2525C3%2525B1os2014-01.jpg?resize=350%2C200&ssl=1","width":350,"height":200,"srcset":"https:\/\/i0.wp.com\/lh5.googleusercontent.com\/-RpS6pfoWehM\/U-6vWpl4kKI\/AAAAAAAADLY\/NacLjVERaX0\/s800\/cumplea%2525C3%2525B1os2014-01.jpg?resize=350%2C200&ssl=1 1x, https:\/\/i0.wp.com\/lh5.googleusercontent.com\/-RpS6pfoWehM\/U-6vWpl4kKI\/AAAAAAAADLY\/NacLjVERaX0\/s800\/cumplea%2525C3%2525B1os2014-01.jpg?resize=525%2C300&ssl=1 1.5x"},"classes":[]}],"jetpack_featured_media_url":"","_links":{"self":[{"href":"https:\/\/quechilero.com\/blog\/wp-json\/wp\/v2\/posts\/1037","targetHints":{"allow":["GET"]}}],"collection":[{"href":"https:\/\/quechilero.com\/blog\/wp-json\/wp\/v2\/posts"}],"about":[{"href":"https:\/\/quechilero.com\/blog\/wp-json\/wp\/v2\/types\/post"}],"author":[{"embeddable":true,"href":"https:\/\/quechilero.com\/blog\/wp-json\/wp\/v2\/users\/1"}],"replies":[{"embeddable":true,"href":"https:\/\/quechilero.com\/blog\/wp-json\/wp\/v2\/comments?post=1037"}],"version-history":[{"count":0,"href":"https:\/\/quechilero.com\/blog\/wp-json\/wp\/v2\/posts\/1037\/revisions"}],"wp:attachment":[{"href":"https:\/\/quechilero.com\/blog\/wp-json\/wp\/v2\/media?parent=1037"}],"wp:term":[{"taxonomy":"category","embeddable":true,"href":"https:\/\/quechilero.com\/blog\/wp-json\/wp\/v2\/categories?post=1037"},{"taxonomy":"post_tag","embeddable":true,"href":"https:\/\/quechilero.com\/blog\/wp-json\/wp\/v2\/tags?post=1037"},{"taxonomy":"series","embeddable":true,"href":"https:\/\/quechilero.com\/blog\/wp-json\/wp\/v2\/series?post=1037"}],"curies":[{"name":"wp","href":"https:\/\/api.w.org\/{rel}","templated":true}]}}