{"id":103,"date":"2006-08-01T20:47:52","date_gmt":"2006-08-02T02:47:52","guid":{"rendered":"http:\/\/quechilero.com\/blog\/2006\/08\/01\/agosto\/"},"modified":"2006-08-01T20:47:52","modified_gmt":"2006-08-02T02:47:52","slug":"agosto","status":"publish","type":"post","link":"https:\/\/quechilero.com\/blog\/2006\/08\/01\/agosto\/","title":{"rendered":"Agosto"},"content":{"rendered":"<p>Que mejor que empezar el mes m\u00e1s lindo del a\u00f1o, con un video de mi grupo favorito que precisamente sacaron una canci\u00f3n con el nombre del mes. Este post va dedicado a mi amiguita Ileanita, que fue la que me dio a conocer a los H\u00e9roes del Silencio. <em>(Esta canci\u00f3n la sacaron en el disco \u00abEl Mar no Cesa\u00bb 1989, el video es en directo)<\/em><\/p>\n<p align=\"center\"><strong>Agosto <\/strong><\/p>\n<p align=\"center\">La sangre gitana que llevo dentro<br \/>\nse mezcla en c\u00f3ctel de dulce sabor.<br \/>\nLa sangre gitana que llevo dentro<br \/>\nme arde fuego, de mis manos, directa al coraz\u00f3n.<br \/>\ny de madrugada, alma de alhel\u00ed,<br \/>\nsobrevuela, trastornando marea,<br \/>\ncada madrugada, alma de alhel\u00ed,<br \/>\ny no lo siento por m\u00ed.<\/p>\n<p align=\"center\">Tarde o temprano me perder\u00e9 en cadenas.<br \/>\nUna vez en la vida debo encontrar dentro de m\u00ed<br \/>\nuna noche de agosto mi alma perdida que arroj\u00e9 al mar.<\/p>\n<div align=\"center\">\n<p align=\"center\">Tierra prometida que nos pertenece por obra, por arte,<br \/>\ny por gracia de Dios.<br \/>\nTierra prometida que nos pertenece, \u00bfqu\u00e9 m\u00e1s nos da<br \/>\nser moro o cristiano, si hay para los dos?<br \/>\nEn la sangre gitana que llevo dentro me arde fuego,<br \/>\nde mis manos, directa al coraz\u00f3n, al coraz\u00f3n &#8230;<br \/>\nUna vez en la vida debo encontrar dentro de m\u00ed<\/p>\n<div align=\"center\">\n<p align=\"center\">Una noche de agosto mi alma perdida<br \/>\nque arroj\u00e9 al mar.<\/p>\n<\/div>\n<\/div>\n<p><span class=\"embed-youtube\" style=\"text-align:center; display: block;\"><iframe loading=\"lazy\" class=\"youtube-player\" width=\"1200\" height=\"675\" src=\"https:\/\/www.youtube.com\/embed\/KXCVmEOiL-8?version=3&#038;rel=1&#038;showsearch=0&#038;showinfo=1&#038;iv_load_policy=1&#038;fs=1&#038;hl=es-ES&#038;autohide=2&#038;wmode=transparent\" allowfullscreen=\"true\" style=\"border:0;\" sandbox=\"allow-scripts allow-same-origin allow-popups allow-presentation allow-popups-to-escape-sandbox\"><\/iframe><\/span><\/p>\n","protected":false},"excerpt":{"rendered":"<p>Que mejor que empezar el mes m\u00e1s lindo del a\u00f1o, con un video de mi grupo favorito que precisamente sacaron una canci\u00f3n con el nombre del mes. Este post va dedicado a mi amiguita Ileanita, que fue la que me dio a conocer a los H\u00e9roes del Silencio. (Esta canci\u00f3n la sacaron en el disco &#8230; <a title=\"Agosto\" class=\"read-more\" href=\"https:\/\/quechilero.com\/blog\/2006\/08\/01\/agosto\/\" aria-label=\"Leer m\u00e1s sobre Agosto\">Leer m\u00e1s<\/a><\/p>\n","protected":false},"author":1,"featured_media":0,"comment_status":"open","ping_status":"open","sticky":false,"template":"","format":"standard","meta":{"advanced_seo_description":"","jetpack_seo_html_title":"","jetpack_seo_noindex":false,"jetpack_seo_schema_type":"","episode_type":"","audio_file":"","podmotor_file_id":"","podmotor_episode_id":"","cover_image":"","cover_image_id":"","duration":"","filesize":"","filesize_raw":"","date_recorded":"","explicit":"","block":"","_jetpack_newsletter_access":"","_jetpack_dont_email_post_to_subs":false,"_jetpack_newsletter_tier_id":0,"_jetpack_memberships_contains_paywalled_content":false,"_jetpack_feature_clip_id":0,"_jetpack_memberships_contains_paid_content":false,"footnotes":"","jetpack_publicize_message":"","jetpack_publicize_feature_enabled":true,"jetpack_social_post_already_shared":false,"jetpack_social_options":{"image_generator_settings":{"template":"highway","default_image_id":0,"font":"","enabled":false},"version":2},"jetpack_post_was_ever_published":false},"categories":[2],"tags":[51,24,25,53],"series":[],"class_list":["post-103","post","type-post","status-publish","format-standard","hentry","category-limones","tag-dios","tag-vida","tag-video","tag-youtube"],"episode_featured_image":false,"episode_player_image":"https:\/\/i0.wp.com\/quechilero.com\/blog\/imagenes\/podcast.png?fit=1831%2C1831&ssl=1","download_link":"","player_link":"","audio_player":false,"episode_data":{"playerMode":"dark","subscribeUrls":{"amazon":{"key":"amazon","url":"","label":"Amazon","class":"amazon","icon":"amazon.png"},"apple_podcasts":{"key":"apple_podcasts","url":"","label":"Apple Podcasts","class":"apple_podcasts","icon":"apple-podcasts.png"},"castbox":{"key":"castbox","url":"","label":"CastBox","class":"castbox","icon":"castbox.png"},"deezer":{"key":"deezer","url":"","label":"Deezer","class":"deezer","icon":"deezer.png"},"google_podcasts":{"key":"google_podcasts","url":"","label":"Google Podcasts","class":"google_podcasts","icon":"google-podcasts.png"},"listen_notes":{"key":"listen_notes","url":"","label":"Listen Notes","class":"listen_notes","icon":"listen-notes.png"},"pandora":{"key":"pandora","url":"","label":"Pandora","class":"pandora","icon":"pandora.png"},"podbean":{"key":"podbean","url":"","label":"Podbean","class":"podbean","icon":"podbean.png"},"podcast_republic":{"key":"podcast_republic","url":"","label":"Podcast Republic","class":"podcast_republic","icon":"podcast-republic.png"},"rss":{"key":"rss","url":"","label":"RSS","class":"rss","icon":"rss.png"},"spotify":{"key":"spotify","url":"","label":"Spotify","class":"spotify","icon":"spotify.png"},"stitcher":{"key":"stitcher","url":"","label":"Stitcher","class":"stitcher","icon":"stitcher.png"},"tunein":{"key":"tunein","url":"","label":"TuneIn","class":"tunein","icon":"tunein.png"},"youtube":{"key":"youtube","url":"","label":"YouTube","class":"youtube","icon":"youtube.png"},"iheartradio":{"key":"iheartradio","url":"","label":"iHeartRadio","class":"iheartradio","icon":"iheartradio.png"},"ivoox":{"key":"ivoox","url":"","label":"iVoox","class":"ivoox","icon":"ivoox.png"}},"rssFeedUrl":"https:\/\/quechilero.com\/blog\/feed\/podcast\/si-la-vida-nos-da-limones","embedCode":"<blockquote class=\"wp-embedded-content\" data-secret=\"YHFvQlgVu3\"><a href=\"https:\/\/quechilero.com\/blog\/2006\/08\/01\/agosto\/\">Agosto<\/a><\/blockquote><iframe sandbox=\"allow-scripts\" security=\"restricted\" src=\"https:\/\/quechilero.com\/blog\/2006\/08\/01\/agosto\/embed\/#?secret=YHFvQlgVu3\" width=\"500\" height=\"350\" title=\"\u00abAgosto\u00bb \u2014 Si la Vida nos da Limones...\" data-secret=\"YHFvQlgVu3\" frameborder=\"0\" marginwidth=\"0\" marginheight=\"0\" scrolling=\"no\" class=\"wp-embedded-content\"><\/iframe><script>\n\/*! This file is auto-generated *\/\n!function(d,l){\"use strict\";l.querySelector&&d.addEventListener&&\"undefined\"!=typeof URL&&(d.wp=d.wp||{},d.wp.receiveEmbedMessage||(d.wp.receiveEmbedMessage=function(e){var t=e.data;if((t||t.secret||t.message||t.value)&&!\/[^a-zA-Z0-9]\/.test(t.secret)){for(var s,r,n,a=l.querySelectorAll('iframe[data-secret=\"'+t.secret+'\"]'),o=l.querySelectorAll('blockquote[data-secret=\"'+t.secret+'\"]'),c=new RegExp(\"^https?:$\",\"i\"),i=0;i<o.length;i++)o[i].style.display=\"none\";for(i=0;i<a.length;i++)s=a[i],e.source===s.contentWindow&&(s.removeAttribute(\"style\"),\"height\"===t.message?(1e3<(r=parseInt(t.value,10))?r=1e3:~~r<200&&(r=200),s.height=r):\"link\"===t.message&&(r=new URL(s.getAttribute(\"src\")),n=new URL(t.value),c.test(n.protocol))&&n.host===r.host&&l.activeElement===s&&(d.top.location.href=t.value))}},d.addEventListener(\"message\",d.wp.receiveEmbedMessage,!1),l.addEventListener(\"DOMContentLoaded\",function(){for(var e,t,s=l.querySelectorAll(\"iframe.wp-embedded-content\"),r=0;r<s.length;r++)(t=(e=s[r]).getAttribute(\"data-secret\"))||(t=Math.random().toString(36).substring(2,12),e.src+=\"#?secret=\"+t,e.setAttribute(\"data-secret\",t)),e.contentWindow.postMessage({message:\"ready\",secret:t},\"*\")},!1)))}(window,document);\n\/\/# sourceURL=https:\/\/quechilero.com\/blog\/wp-includes\/js\/wp-embed.min.js\n<\/script>\n"},"jetpack_publicize_connections":[],"jetpack_shortlink":"https:\/\/wp.me\/sDKli-agosto","jetpack_sharing_enabled":true,"jetpack-related-posts":[{"id":6790,"url":"https:\/\/quechilero.com\/blog\/2011\/01\/15\/senor-de-esquipulas-4\/","url_meta":{"origin":103,"position":0},"title":"Se\u00f1or de Esquipulas","author":"Pepe Barrascout Ortiz","date":"15 enero 2011","format":false,"excerpt":"Novena al Se\u00f1or de Esquipulas Acto de\u00a0Contrici\u00f3n Jes\u00fas crucificado: postrado a tus pies el m\u00e1s ingrato pecador, te pide perd\u00f3n y misericordia de haberte ofendido con tantas culpas; me pesa, mi Jes\u00fas, haber ofendido a tan soberana Majestad, propongo la enmienda de mi vida; te doy la palabra de confesar\u2026","rel":"","context":"En \u00abLimones\u00bb","block_context":{"text":"Limones","link":"https:\/\/quechilero.com\/blog\/category\/limones\/"},"img":{"alt_text":"","src":"","width":0,"height":0},"classes":[]},{"id":7613,"url":"https:\/\/quechilero.com\/blog\/2011\/04\/14\/reflexiones-de-cuaresma-dia-37\/","url_meta":{"origin":103,"position":1},"title":"Reflexiones de Cuaresma d\u00eda 37","author":"Pepe Barrascout Ortiz","date":"14 abril 2011","format":false,"excerpt":"Oraci\u00f3n inicial Se\u00f1or m\u00edo, Jesucristo, creo firmemente que est\u00e1s aqu\u00ed; en estos pocos minutos de oraci\u00f3n que empiezo ahora quiero pedirte y agradecerte. Pedirte\u00a0la gracia de darme m\u00e1s cuenta de que T\u00fa vives, me escuchas y me amas; tanto, que has querido morir libremente por m\u00ed en la cruz y\u2026","rel":"","context":"En \u00abLimones por mano\u00bb","block_context":{"text":"Limones por mano","link":"https:\/\/quechilero.com\/blog\/category\/limones-por-mano\/"},"img":{"alt_text":"","src":"","width":0,"height":0},"classes":[]},{"id":21462,"url":"https:\/\/quechilero.com\/blog\/2015\/08\/18\/cuando-uno-se-siente-solo-y-desesperado\/","url_meta":{"origin":103,"position":2},"title":"Cuando uno se siente solo y desesperado","author":"Pepe Barrascout Ortiz","date":"18 agosto 2015","format":false,"excerpt":"Oraci\u00f3n para rezar cuando uno se siente solo y desesperado, y con necesidad de ser sanado por Dios. Cuando no nos hacen caso, cuando pensamos que no somos importantes, cuando no nos tienen en cuenta, nuestra alma queda herida. Con heridas profundas al sentirnos invisibles, indiferentes para otros. Las heridas\u2026","rel":"","context":"En \u00abLimones\u00bb","block_context":{"text":"Limones","link":"https:\/\/quechilero.com\/blog\/category\/limones\/"},"img":{"alt_text":"","src":"","width":0,"height":0},"classes":[]},{"id":4607,"url":"https:\/\/quechilero.com\/blog\/2010\/04\/02\/meditacion-de-las-siete-palabras\/","url_meta":{"origin":103,"position":3},"title":"Meditaci\u00f3n de las Siete Palabras","author":"Pepe Barrascout Ortiz","date":"2 abril 2010","format":false,"excerpt":"Oraci\u00f3n Jes\u00fas en la Cruz aboga: da al ladr\u00f3n: lega su Madre: qu\u00e9jase: la sed le ahoga: cumple: entrega el alma al Padre Al Calvario hay que llegar porque Cristo, nuestra Luz, hoy tambi\u00e9n nos quiere hablar desde el ara de la Cruz. \u00a1Virgen de dolores y Madre m\u00eda! Que,\u2026","rel":"","context":"En \u00abLimones\u00bb","block_context":{"text":"Limones","link":"https:\/\/quechilero.com\/blog\/category\/limones\/"},"img":{"alt_text":"","src":"","width":0,"height":0},"classes":[]},{"id":3239,"url":"https:\/\/quechilero.com\/blog\/2009\/08\/07\/maraton-de-blogs-te-prometo-anarquia\/","url_meta":{"origin":103,"position":4},"title":"Marat\u00f3n de Blogs: Te Prometo Anarqu\u00eda","author":"Pepe Barrascout Ortiz","date":"7 agosto 2009","format":false,"excerpt":"Es que no es f\u00e1cil entender la anarqu\u00eda, \u00bfporqu\u00e9 pasa?, \u00bfa que se debe?, \u00bfquien la origina?, \u00bfquien la sufre?. \u00bfEs un desorden ordenado, o quiz\u00e1 un orden desordenado?. Nada es verdad y nada es mentira, todo depende del tama\u00f1o del monitor en el que se mira. No hay nada\u2026","rel":"","context":"En \u00abBlogs de Guatemala\u00bb","block_context":{"text":"Blogs de Guatemala","link":"https:\/\/quechilero.com\/blog\/category\/blogs-de-guatemala\/"},"img":{"alt_text":"Marat\u00f3n de Blogs 2009","src":"https:\/\/i0.wp.com\/i392.photobucket.com\/albums\/pp7\/pepejaguar\/maraton2009\/maraton2009.jpg?resize=350%2C200","width":350,"height":200,"srcset":"https:\/\/i0.wp.com\/i392.photobucket.com\/albums\/pp7\/pepejaguar\/maraton2009\/maraton2009.jpg?resize=350%2C200 1x, https:\/\/i0.wp.com\/i392.photobucket.com\/albums\/pp7\/pepejaguar\/maraton2009\/maraton2009.jpg?resize=525%2C300 1.5x"},"classes":[]},{"id":24469,"url":"https:\/\/quechilero.com\/blog\/2011\/05\/27\/podcast-las-6-de-la-manana-episodio-226\/","url_meta":{"origin":103,"position":5},"title":"Podcast: Las 6 de la ma\u00f1ana, episodio 226","author":"Pepe Barrascout Ortiz","date":"27 mayo 2011","format":false,"excerpt":"Bienvenidos al ducent\u00e9simo vig\u00e9simo sexto episodio de\u00a0\u201cLas \u00a06 de la ma\u00f1ana\u201d, un podcast que trae 6 canciones, para que iniciemos el d\u00eda, de forma positiva y con \u00e1nimo. El listado para hoy es: Artista \/ Tema 01 - Josh Woodward - Home Improvement 02 - Aeropajitas - Resistencia 03 -\u2026","rel":"","context":"En \u00abLas 6 de la ma\u00f1ana\u00bb","block_context":{"text":"Las 6 de la ma\u00f1ana","link":"https:\/\/quechilero.com\/blog\/category\/podcast\/las-6-de-la-manana\/"},"img":{"alt_text":"","src":"https:\/\/i0.wp.com\/quechilero.com\/blog\/imagenes\/las6am.jpg?fit=620%2C350&ssl=1&resize=350%2C200","width":350,"height":200,"srcset":"https:\/\/i0.wp.com\/quechilero.com\/blog\/imagenes\/las6am.jpg?fit=620%2C350&ssl=1&resize=350%2C200 1x, https:\/\/i0.wp.com\/quechilero.com\/blog\/imagenes\/las6am.jpg?fit=620%2C350&ssl=1&resize=525%2C300 1.5x"},"classes":[]}],"jetpack_featured_media_url":"","_links":{"self":[{"href":"https:\/\/quechilero.com\/blog\/wp-json\/wp\/v2\/posts\/103","targetHints":{"allow":["GET"]}}],"collection":[{"href":"https:\/\/quechilero.com\/blog\/wp-json\/wp\/v2\/posts"}],"about":[{"href":"https:\/\/quechilero.com\/blog\/wp-json\/wp\/v2\/types\/post"}],"author":[{"embeddable":true,"href":"https:\/\/quechilero.com\/blog\/wp-json\/wp\/v2\/users\/1"}],"replies":[{"embeddable":true,"href":"https:\/\/quechilero.com\/blog\/wp-json\/wp\/v2\/comments?post=103"}],"version-history":[{"count":0,"href":"https:\/\/quechilero.com\/blog\/wp-json\/wp\/v2\/posts\/103\/revisions"}],"wp:attachment":[{"href":"https:\/\/quechilero.com\/blog\/wp-json\/wp\/v2\/media?parent=103"}],"wp:term":[{"taxonomy":"category","embeddable":true,"href":"https:\/\/quechilero.com\/blog\/wp-json\/wp\/v2\/categories?post=103"},{"taxonomy":"post_tag","embeddable":true,"href":"https:\/\/quechilero.com\/blog\/wp-json\/wp\/v2\/tags?post=103"},{"taxonomy":"series","embeddable":true,"href":"https:\/\/quechilero.com\/blog\/wp-json\/wp\/v2\/series?post=103"}],"curies":[{"name":"wp","href":"https:\/\/api.w.org\/{rel}","templated":true}]}}