{"id":1027,"date":"2008-08-24T10:10:58","date_gmt":"2008-08-24T16:10:58","guid":{"rendered":"http:\/\/quechilero.com\/blog\/?p=1027"},"modified":"2008-08-24T10:10:58","modified_gmt":"2008-08-24T16:10:58","slug":"enfrentarse-a-la-realidad","status":"publish","type":"post","link":"https:\/\/quechilero.com\/blog\/2008\/08\/24\/enfrentarse-a-la-realidad\/","title":{"rendered":"Enfrentarse a la realidad"},"content":{"rendered":"<p>Al preguntar a un jovencito que hab\u00eda disparado y matado a cuatros ni\u00f1os, por  qu\u00e9 lo hab\u00eda hecho, contest\u00f3: <em>\u00abSiempre hab\u00eda querido saber lo que se siente al  matar a alguien.\u00bb<\/em><\/p>\n<p>El jurado ante el cual fue juzgado, decidi\u00f3 que estaba <em>\u00abpose\u00eddo de  condiciones mentales que pod\u00edan afectar su responsabilidad criminal\u00bb<\/em>. Pero uno  de los miembros del jurado, no estando de acuerdo con esta opini\u00f3n, declar\u00f3 que  el muchacho de cualquier manera era personalmente responsable de su crimen.<\/p>\n<p>Hay en nuestros d\u00edas una tendencia cada vez mayor a evadir la realidad, a  culpar por nuestros defectos a cualquiera y a todas las cosas, excepto a nuestro  propia y personal elecci\u00f3n, a nuestra propia responsabilidad y libre  albedr\u00edo.<\/p>\n<p>Cuando una persona ofrece continuamente excusas por sus propios delitos,  llegan a emborracharse en su propio raciocinio. Es mucho m\u00e1s practico ser  honrado y enfrentarse con la realidad. Siguiendo esta pr\u00e1ctica se evitan muchas  dificultades futuras.<\/p>\n","protected":false},"excerpt":{"rendered":"<p>Al preguntar a un jovencito que hab\u00eda disparado y matado a cuatros ni\u00f1os, por qu\u00e9 lo hab\u00eda hecho, contest\u00f3: \u00abSiempre hab\u00eda querido saber lo que se siente al matar a alguien.\u00bb El jurado ante el cual fue juzgado, decidi\u00f3 que estaba \u00abpose\u00eddo de condiciones mentales que pod\u00edan afectar su responsabilidad criminal\u00bb. Pero uno de los &#8230; <a title=\"Enfrentarse a la realidad\" class=\"read-more\" href=\"https:\/\/quechilero.com\/blog\/2008\/08\/24\/enfrentarse-a-la-realidad\/\" aria-label=\"Leer m\u00e1s sobre Enfrentarse a la realidad\">Leer m\u00e1s<\/a><\/p>\n","protected":false},"author":1,"featured_media":0,"comment_status":"open","ping_status":"open","sticky":false,"template":"","format":"standard","meta":{"advanced_seo_description":"","jetpack_seo_html_title":"","jetpack_seo_noindex":false,"jetpack_seo_schema_type":"","episode_type":"","audio_file":"","podmotor_file_id":"","podmotor_episode_id":"","cover_image":"","cover_image_id":"","duration":"","filesize":"","filesize_raw":"","date_recorded":"","explicit":"","block":"","_jetpack_newsletter_access":"","_jetpack_dont_email_post_to_subs":false,"_jetpack_newsletter_tier_id":0,"_jetpack_memberships_contains_paywalled_content":false,"_jetpack_feature_clip_id":0,"_jetpack_memberships_contains_paid_content":false,"footnotes":"","jetpack_publicize_message":"","jetpack_publicize_feature_enabled":true,"jetpack_social_post_already_shared":false,"jetpack_social_options":{"image_generator_settings":{"template":"highway","default_image_id":0,"font":"","enabled":false},"version":2},"jetpack_post_was_ever_published":false},"categories":[2],"tags":[12],"series":[],"class_list":["post-1027","post","type-post","status-publish","format-standard","hentry","category-limones","tag-cosas"],"episode_featured_image":false,"episode_player_image":"https:\/\/i0.wp.com\/quechilero.com\/blog\/imagenes\/podcast.png?fit=1831%2C1831&ssl=1","download_link":"","player_link":"","audio_player":false,"episode_data":{"playerMode":"dark","subscribeUrls":{"amazon":{"key":"amazon","url":"","label":"Amazon","class":"amazon","icon":"amazon.png"},"apple_podcasts":{"key":"apple_podcasts","url":"","label":"Apple Podcasts","class":"apple_podcasts","icon":"apple-podcasts.png"},"castbox":{"key":"castbox","url":"","label":"CastBox","class":"castbox","icon":"castbox.png"},"deezer":{"key":"deezer","url":"","label":"Deezer","class":"deezer","icon":"deezer.png"},"google_podcasts":{"key":"google_podcasts","url":"","label":"Google Podcasts","class":"google_podcasts","icon":"google-podcasts.png"},"listen_notes":{"key":"listen_notes","url":"","label":"Listen Notes","class":"listen_notes","icon":"listen-notes.png"},"pandora":{"key":"pandora","url":"","label":"Pandora","class":"pandora","icon":"pandora.png"},"podbean":{"key":"podbean","url":"","label":"Podbean","class":"podbean","icon":"podbean.png"},"podcast_republic":{"key":"podcast_republic","url":"","label":"Podcast Republic","class":"podcast_republic","icon":"podcast-republic.png"},"rss":{"key":"rss","url":"","label":"RSS","class":"rss","icon":"rss.png"},"spotify":{"key":"spotify","url":"","label":"Spotify","class":"spotify","icon":"spotify.png"},"stitcher":{"key":"stitcher","url":"","label":"Stitcher","class":"stitcher","icon":"stitcher.png"},"tunein":{"key":"tunein","url":"","label":"TuneIn","class":"tunein","icon":"tunein.png"},"youtube":{"key":"youtube","url":"","label":"YouTube","class":"youtube","icon":"youtube.png"},"iheartradio":{"key":"iheartradio","url":"","label":"iHeartRadio","class":"iheartradio","icon":"iheartradio.png"},"ivoox":{"key":"ivoox","url":"","label":"iVoox","class":"ivoox","icon":"ivoox.png"}},"rssFeedUrl":"https:\/\/quechilero.com\/blog\/feed\/podcast\/si-la-vida-nos-da-limones","embedCode":"<blockquote class=\"wp-embedded-content\" data-secret=\"HbBbqpl9au\"><a href=\"https:\/\/quechilero.com\/blog\/2008\/08\/24\/enfrentarse-a-la-realidad\/\">Enfrentarse a la realidad<\/a><\/blockquote><iframe sandbox=\"allow-scripts\" security=\"restricted\" src=\"https:\/\/quechilero.com\/blog\/2008\/08\/24\/enfrentarse-a-la-realidad\/embed\/#?secret=HbBbqpl9au\" width=\"500\" height=\"350\" title=\"\u00abEnfrentarse a la realidad\u00bb \u2014 Si la Vida nos da Limones...\" data-secret=\"HbBbqpl9au\" frameborder=\"0\" marginwidth=\"0\" marginheight=\"0\" scrolling=\"no\" class=\"wp-embedded-content\"><\/iframe><script>\n\/*! This file is auto-generated *\/\n!function(d,l){\"use strict\";l.querySelector&&d.addEventListener&&\"undefined\"!=typeof URL&&(d.wp=d.wp||{},d.wp.receiveEmbedMessage||(d.wp.receiveEmbedMessage=function(e){var t=e.data;if((t||t.secret||t.message||t.value)&&!\/[^a-zA-Z0-9]\/.test(t.secret)){for(var s,r,n,a=l.querySelectorAll('iframe[data-secret=\"'+t.secret+'\"]'),o=l.querySelectorAll('blockquote[data-secret=\"'+t.secret+'\"]'),c=new RegExp(\"^https?:$\",\"i\"),i=0;i<o.length;i++)o[i].style.display=\"none\";for(i=0;i<a.length;i++)s=a[i],e.source===s.contentWindow&&(s.removeAttribute(\"style\"),\"height\"===t.message?(1e3<(r=parseInt(t.value,10))?r=1e3:~~r<200&&(r=200),s.height=r):\"link\"===t.message&&(r=new URL(s.getAttribute(\"src\")),n=new URL(t.value),c.test(n.protocol))&&n.host===r.host&&l.activeElement===s&&(d.top.location.href=t.value))}},d.addEventListener(\"message\",d.wp.receiveEmbedMessage,!1),l.addEventListener(\"DOMContentLoaded\",function(){for(var e,t,s=l.querySelectorAll(\"iframe.wp-embedded-content\"),r=0;r<s.length;r++)(t=(e=s[r]).getAttribute(\"data-secret\"))||(t=Math.random().toString(36).substring(2,12),e.src+=\"#?secret=\"+t,e.setAttribute(\"data-secret\",t)),e.contentWindow.postMessage({message:\"ready\",secret:t},\"*\")},!1)))}(window,document);\n\/\/# sourceURL=https:\/\/quechilero.com\/blog\/wp-includes\/js\/wp-embed.min.js\n<\/script>\n"},"jetpack_publicize_connections":[],"jetpack_shortlink":"https:\/\/wp.me\/pDKli-gz","jetpack_sharing_enabled":true,"jetpack-related-posts":[{"id":554,"url":"https:\/\/quechilero.com\/blog\/2007\/05\/21\/somos-injustos-con-el-diablo\/","url_meta":{"origin":1027,"position":0},"title":"Somos injustos con el diablo","author":"Pepe Barrascout Ortiz","date":"21 mayo 2007","format":false,"excerpt":"Un d\u00eda el Diablo le dijo a Dios... \"\u00bfQu\u00e9 es esto? \u00a1Qu\u00e9 injusto! Haga lo que haga la gente, siempre que ocurre algo malo me echan la culpa a m\u00ed. \u00bfQu\u00e9 culpa tengo yo? \u00a1Soy inocente! Mira, te mostrar\u00e9 c\u00f3mo me culpan por todo\". Hab\u00eda un fuerte carnero sujeto a\u2026","rel":"","context":"En \u00abLimones\u00bb","block_context":{"text":"Limones","link":"https:\/\/quechilero.com\/blog\/category\/limones\/"},"img":{"alt_text":"","src":"","width":0,"height":0},"classes":[]},{"id":835,"url":"https:\/\/quechilero.com\/blog\/2008\/01\/13\/somos-injustos-con-el-diablo-2\/","url_meta":{"origin":1027,"position":1},"title":"Somos injustos con el diablo","author":"Pepe Barrascout Ortiz","date":"13 enero 2008","format":false,"excerpt":"Un d\u00eda el Diablo le dijo a Dios... \"\u00bfQu\u00e9 es esto? \u00bfQu\u00e9 injusto! Haga lo que haga la gente, siempre que ocurre algo malo me echan la culpa a m\u00ed. \u00bfQu\u00e9 culpa tengo yo? \u00a1Soy inocente! Mira, te mostrar\u00e9 c\u00f3mo me culpan por todo\". Hab\u00eda un fuerte carnero sujeto a\u2026","rel":"","context":"En \u00abLimones\u00bb","block_context":{"text":"Limones","link":"https:\/\/quechilero.com\/blog\/category\/limones\/"},"img":{"alt_text":"","src":"","width":0,"height":0},"classes":[]},{"id":19907,"url":"https:\/\/quechilero.com\/blog\/2015\/03\/06\/quien-impide-tu-crecimiento\/","url_meta":{"origin":1027,"position":2},"title":"\u00bfQui\u00e9n impide tu crecimiento?","author":"Pepe Barrascout Ortiz","date":"6 marzo 2015","format":false,"excerpt":"Una empresa estaba en una dif\u00edcil situaci\u00f3n, las ventas iban mal, los trabajadores y colaboradores estaban desanimados y la situaci\u00f3n financiera del negocio era extremadamente cr\u00edtica. Era preciso hacer algo para revertir la situaci\u00f3n. Nadie quer\u00eda asumir responsabilidades. Por el contrario, el personal sent\u00eda el desamparo y la r\u00e1pida extinci\u00f3n\u2026","rel":"","context":"En \u00abLimones\u00bb","block_context":{"text":"Limones","link":"https:\/\/quechilero.com\/blog\/category\/limones\/"},"img":{"alt_text":"","src":"","width":0,"height":0},"classes":[]},{"id":13237,"url":"https:\/\/quechilero.com\/blog\/2012\/04\/28\/vaselina\/","url_meta":{"origin":1027,"position":3},"title":"Vaselina","author":"Pepe Barrascout Ortiz","date":"28 abril 2012","format":false,"excerpt":"Robert Chesebrough ten\u00eda un producto en el cual cre\u00eda incondicionalmente. En realidad, era un invento propio. Chesebrough hab\u00eda transformado el sedimento que se forma en los ejes de los equipos de petr\u00f3leo, cera de varillas, en una gelatina de petr\u00f3leo que personalmente hab\u00eda comprobado que pose\u00eda grandes propiedades curativas. Crey\u00f3\u2026","rel":"","context":"En \u00abLimones\u00bb","block_context":{"text":"Limones","link":"https:\/\/quechilero.com\/blog\/category\/limones\/"},"img":{"alt_text":"","src":"","width":0,"height":0},"classes":[]},{"id":1042,"url":"https:\/\/quechilero.com\/blog\/2008\/08\/04\/el-libro-negro\/","url_meta":{"origin":1027,"position":4},"title":"El libro negro","author":"Pepe Barrascout Ortiz","date":"4 agosto 2008","format":false,"excerpt":"Una mujer en Bengala Occidental era objeto de gran curiosidad entre sus vecinas debido a un h\u00e1bito poco usual: cada vez que entraba en una tienda, un almac\u00e9n o un cine, sacaba un librito negro y anotaba algo en \u00e9l. Alguien, por fin, le pregunt\u00f3 un d\u00eda: - \"\u00bfLleva usted\u2026","rel":"","context":"En \u00abLimones\u00bb","block_context":{"text":"Limones","link":"https:\/\/quechilero.com\/blog\/category\/limones\/"},"img":{"alt_text":"","src":"","width":0,"height":0},"classes":[]},{"id":17667,"url":"https:\/\/quechilero.com\/blog\/2014\/01\/11\/reflexiones-sobre-la-ensenanza\/","url_meta":{"origin":1027,"position":5},"title":"Reflexiones sobre la Ense\u00f1anza","author":"Pepe Barrascout Ortiz","date":"11 enero 2014","format":false,"excerpt":"Seg\u00fan palabras de Bego\u00f1a Gros hablando del constructivismo, la construcci\u00f3n de conocimiento se entiende como un proceso natural que no puede ser transmitido por el profesor. Ella caracteriza muy bien esta idea diciendo que \"la ense\u00f1anza no produce el aprendizaje de la misma manera que la horticultura no produce plantas\".\u2026","rel":"","context":"En \u00abLimones\u00bb","block_context":{"text":"Limones","link":"https:\/\/quechilero.com\/blog\/category\/limones\/"},"img":{"alt_text":"","src":"","width":0,"height":0},"classes":[]}],"jetpack_featured_media_url":"","_links":{"self":[{"href":"https:\/\/quechilero.com\/blog\/wp-json\/wp\/v2\/posts\/1027","targetHints":{"allow":["GET"]}}],"collection":[{"href":"https:\/\/quechilero.com\/blog\/wp-json\/wp\/v2\/posts"}],"about":[{"href":"https:\/\/quechilero.com\/blog\/wp-json\/wp\/v2\/types\/post"}],"author":[{"embeddable":true,"href":"https:\/\/quechilero.com\/blog\/wp-json\/wp\/v2\/users\/1"}],"replies":[{"embeddable":true,"href":"https:\/\/quechilero.com\/blog\/wp-json\/wp\/v2\/comments?post=1027"}],"version-history":[{"count":0,"href":"https:\/\/quechilero.com\/blog\/wp-json\/wp\/v2\/posts\/1027\/revisions"}],"wp:attachment":[{"href":"https:\/\/quechilero.com\/blog\/wp-json\/wp\/v2\/media?parent=1027"}],"wp:term":[{"taxonomy":"category","embeddable":true,"href":"https:\/\/quechilero.com\/blog\/wp-json\/wp\/v2\/categories?post=1027"},{"taxonomy":"post_tag","embeddable":true,"href":"https:\/\/quechilero.com\/blog\/wp-json\/wp\/v2\/tags?post=1027"},{"taxonomy":"series","embeddable":true,"href":"https:\/\/quechilero.com\/blog\/wp-json\/wp\/v2\/series?post=1027"}],"curies":[{"name":"wp","href":"https:\/\/api.w.org\/{rel}","templated":true}]}}