{"id":1019,"date":"2008-07-12T10:10:28","date_gmt":"2008-07-12T16:10:28","guid":{"rendered":"http:\/\/quechilero.com\/blog\/?p=1019"},"modified":"2008-07-12T10:10:28","modified_gmt":"2008-07-12T16:10:28","slug":"dios-cree-en-vos","status":"publish","type":"post","link":"https:\/\/quechilero.com\/blog\/2008\/07\/12\/dios-cree-en-vos\/","title":{"rendered":"Dios Cree en Vos"},"content":{"rendered":"<p>Estando solo en mi casa, recuerdo que cierta vez cerr\u00e9 todas las puertas y  empec\u00e9 a reclamarle a Dios por muchas cosas. Porque no hab\u00eda aprendido que ser  Cristiano no es no tener problemas, sino enfrentarlos al lado de Jes\u00fas.<\/p>\n<p>Jes\u00fas s\u00f3lo se me quedaba viendo en silencio y cuando termin\u00e9 todo el  berrinche y me hab\u00eda desahogado con el pobre Se\u00f1or, ca\u00ed llorando ya no s\u00e9 si por  c\u00f3lera o por dolor pero lo importante es que en ese momento Jes\u00fas me dijo:  \u00abTranquilo. Nadie dijo que seguirme ser\u00eda f\u00e1cil. Pero sigo creyendo en vos.\u00bb<\/p>\n<p>Amigos. No importa qu\u00e9 tan lejos creas estar de Dios. \u00c9l sigue creyendo en  aquella alma pura que \u00c9l envi\u00f3 al mundo un d\u00eda cuando naciste. Jes\u00fas cree en lo  que pod\u00e9s hacer. Jes\u00fas cree en lo que sos capaz de hacer y olv\u00eddate si alguien  te dijo que no pod\u00edas, pues solo \u00c9l conoce de lo que est\u00e1s hecho y con cu\u00e1nto  amor Dios forj\u00f3 tu alma dentro de su coraz\u00f3n.<\/p>\n<p>No temas, no te exasperes. Dios cree en vos. Camina hacia adelante pero por  el camino que lleva a Jes\u00fas. \u00bfNo es este un buen d\u00eda para hacerlo?<\/p>\n<p>Si est\u00e1s feliz&#8230; es un maravilloso d\u00eda para que hables con Jes\u00fas. Si est\u00e1s  triste&#8230; es un maravilloso d\u00eda para que hables con Jes\u00fas. Si no sientes nada&#8230;  es maravilloso d\u00eda para que hables con Jes\u00fas.<\/p>\n<p><strong><em>Arturo Quir\u00f3s L\u00e9piz<\/em><\/strong><\/p>\n","protected":false},"excerpt":{"rendered":"<p>Estando solo en mi casa, recuerdo que cierta vez cerr\u00e9 todas las puertas y empec\u00e9 a reclamarle a Dios por muchas cosas. Porque no hab\u00eda aprendido que ser Cristiano no es no tener problemas, sino enfrentarlos al lado de Jes\u00fas. Jes\u00fas s\u00f3lo se me quedaba viendo en silencio y cuando termin\u00e9 todo el berrinche y &#8230; <a title=\"Dios Cree en Vos\" class=\"read-more\" href=\"https:\/\/quechilero.com\/blog\/2008\/07\/12\/dios-cree-en-vos\/\" aria-label=\"Leer m\u00e1s sobre Dios Cree en Vos\">Leer m\u00e1s<\/a><\/p>\n","protected":false},"author":1,"featured_media":0,"comment_status":"open","ping_status":"open","sticky":false,"template":"","format":"standard","meta":{"advanced_seo_description":"","jetpack_seo_html_title":"","jetpack_seo_noindex":false,"jetpack_seo_schema_type":"","episode_type":"","audio_file":"","podmotor_file_id":"","podmotor_episode_id":"","cover_image":"","cover_image_id":"","duration":"","filesize":"","filesize_raw":"","date_recorded":"","explicit":"","block":"","_jetpack_newsletter_access":"","_jetpack_dont_email_post_to_subs":false,"_jetpack_newsletter_tier_id":0,"_jetpack_memberships_contains_paywalled_content":false,"_jetpack_feature_clip_id":0,"_jetpack_memberships_contains_paid_content":false,"footnotes":"","jetpack_publicize_message":"","jetpack_publicize_feature_enabled":true,"jetpack_social_post_already_shared":false,"jetpack_social_options":{"image_generator_settings":{"template":"highway","default_image_id":0,"font":"","enabled":false},"version":2},"jetpack_post_was_ever_published":false},"categories":[2],"tags":[11,15,12,51,46,74,40,21],"series":[],"class_list":["post-1019","post","type-post","status-publish","format-standard","hentry","category-limones","tag-amigo","tag-amor","tag-cosas","tag-dios","tag-feliz","tag-jesus","tag-paz","tag-problema"],"episode_featured_image":false,"episode_player_image":"https:\/\/i0.wp.com\/quechilero.com\/blog\/imagenes\/podcast.png?fit=1831%2C1831&ssl=1","download_link":"","player_link":"","audio_player":false,"episode_data":{"playerMode":"dark","subscribeUrls":{"amazon":{"key":"amazon","url":"","label":"Amazon","class":"amazon","icon":"amazon.png"},"apple_podcasts":{"key":"apple_podcasts","url":"","label":"Apple Podcasts","class":"apple_podcasts","icon":"apple-podcasts.png"},"castbox":{"key":"castbox","url":"","label":"CastBox","class":"castbox","icon":"castbox.png"},"deezer":{"key":"deezer","url":"","label":"Deezer","class":"deezer","icon":"deezer.png"},"google_podcasts":{"key":"google_podcasts","url":"","label":"Google Podcasts","class":"google_podcasts","icon":"google-podcasts.png"},"listen_notes":{"key":"listen_notes","url":"","label":"Listen Notes","class":"listen_notes","icon":"listen-notes.png"},"pandora":{"key":"pandora","url":"","label":"Pandora","class":"pandora","icon":"pandora.png"},"podbean":{"key":"podbean","url":"","label":"Podbean","class":"podbean","icon":"podbean.png"},"podcast_republic":{"key":"podcast_republic","url":"","label":"Podcast Republic","class":"podcast_republic","icon":"podcast-republic.png"},"rss":{"key":"rss","url":"","label":"RSS","class":"rss","icon":"rss.png"},"spotify":{"key":"spotify","url":"","label":"Spotify","class":"spotify","icon":"spotify.png"},"stitcher":{"key":"stitcher","url":"","label":"Stitcher","class":"stitcher","icon":"stitcher.png"},"tunein":{"key":"tunein","url":"","label":"TuneIn","class":"tunein","icon":"tunein.png"},"youtube":{"key":"youtube","url":"","label":"YouTube","class":"youtube","icon":"youtube.png"},"iheartradio":{"key":"iheartradio","url":"","label":"iHeartRadio","class":"iheartradio","icon":"iheartradio.png"},"ivoox":{"key":"ivoox","url":"","label":"iVoox","class":"ivoox","icon":"ivoox.png"}},"rssFeedUrl":"https:\/\/quechilero.com\/blog\/feed\/podcast\/si-la-vida-nos-da-limones","embedCode":"<blockquote class=\"wp-embedded-content\" data-secret=\"u9ERqvEAyY\"><a href=\"https:\/\/quechilero.com\/blog\/2008\/07\/12\/dios-cree-en-vos\/\">Dios Cree en Vos<\/a><\/blockquote><iframe sandbox=\"allow-scripts\" security=\"restricted\" src=\"https:\/\/quechilero.com\/blog\/2008\/07\/12\/dios-cree-en-vos\/embed\/#?secret=u9ERqvEAyY\" width=\"500\" height=\"350\" title=\"\u00abDios Cree en Vos\u00bb \u2014 Si la Vida nos da Limones...\" data-secret=\"u9ERqvEAyY\" frameborder=\"0\" marginwidth=\"0\" marginheight=\"0\" scrolling=\"no\" class=\"wp-embedded-content\"><\/iframe><script>\n\/*! This file is auto-generated *\/\n!function(d,l){\"use strict\";l.querySelector&&d.addEventListener&&\"undefined\"!=typeof URL&&(d.wp=d.wp||{},d.wp.receiveEmbedMessage||(d.wp.receiveEmbedMessage=function(e){var t=e.data;if((t||t.secret||t.message||t.value)&&!\/[^a-zA-Z0-9]\/.test(t.secret)){for(var s,r,n,a=l.querySelectorAll('iframe[data-secret=\"'+t.secret+'\"]'),o=l.querySelectorAll('blockquote[data-secret=\"'+t.secret+'\"]'),c=new RegExp(\"^https?:$\",\"i\"),i=0;i<o.length;i++)o[i].style.display=\"none\";for(i=0;i<a.length;i++)s=a[i],e.source===s.contentWindow&&(s.removeAttribute(\"style\"),\"height\"===t.message?(1e3<(r=parseInt(t.value,10))?r=1e3:~~r<200&&(r=200),s.height=r):\"link\"===t.message&&(r=new URL(s.getAttribute(\"src\")),n=new URL(t.value),c.test(n.protocol))&&n.host===r.host&&l.activeElement===s&&(d.top.location.href=t.value))}},d.addEventListener(\"message\",d.wp.receiveEmbedMessage,!1),l.addEventListener(\"DOMContentLoaded\",function(){for(var e,t,s=l.querySelectorAll(\"iframe.wp-embedded-content\"),r=0;r<s.length;r++)(t=(e=s[r]).getAttribute(\"data-secret\"))||(t=Math.random().toString(36).substring(2,12),e.src+=\"#?secret=\"+t,e.setAttribute(\"data-secret\",t)),e.contentWindow.postMessage({message:\"ready\",secret:t},\"*\")},!1)))}(window,document);\n\/\/# sourceURL=https:\/\/quechilero.com\/blog\/wp-includes\/js\/wp-embed.min.js\n<\/script>\n"},"jetpack_publicize_connections":[],"jetpack_shortlink":"https:\/\/wp.me\/pDKli-gr","jetpack_sharing_enabled":true,"jetpack-related-posts":[{"id":893,"url":"https:\/\/quechilero.com\/blog\/2008\/03\/09\/cuaresma-evangelio-09-mar-08\/","url_meta":{"origin":1019,"position":0},"title":"Cuaresma &#8211; Evangelio 09 mar 08","author":"Pepe Barrascout Ortiz","date":"9 marzo 2008","format":false,"excerpt":"Evangelio seg\u00fan San Juan 11,1-45. Hab\u00eda un hombre enfermo, L\u00e1zaro de Betania, del pueblo de Mar\u00eda y de su hermana Marta.\u00a0Mar\u00eda era la misma que derram\u00f3 perfume sobre el Se\u00f1or y le sec\u00f3 los pies con sus cabellos. Su hermano L\u00e1zaro era el que estaba enfermo. Las hermanas enviaron a\u2026","rel":"","context":"En \u00abLimones\u00bb","block_context":{"text":"Limones","link":"https:\/\/quechilero.com\/blog\/category\/limones\/"},"img":{"alt_text":"","src":"","width":0,"height":0},"classes":[]},{"id":21507,"url":"https:\/\/quechilero.com\/blog\/2015\/08\/26\/el-zapatero-2\/","url_meta":{"origin":1019,"position":1},"title":"El zapatero","author":"Pepe Barrascout Ortiz","date":"26 agosto 2015","format":false,"excerpt":"Hab\u00eda una vez un zapatero que viv\u00eda en extrema pobreza y no hab\u00eda momento que no se quejara con Dios por la humilde situaci\u00f3n en que viv\u00eda, ya que no pod\u00eda cubrir ni sus m\u00ednimas necesidades con lo que ganaba en su trabajo. Un d\u00eda llego Jes\u00fas al negocio del\u2026","rel":"","context":"En \u00abLimones\u00bb","block_context":{"text":"Limones","link":"https:\/\/quechilero.com\/blog\/category\/limones\/"},"img":{"alt_text":"","src":"","width":0,"height":0},"classes":[]},{"id":899,"url":"https:\/\/quechilero.com\/blog\/2008\/03\/14\/cuaresma-evangelio-14-mar-08\/","url_meta":{"origin":1019,"position":2},"title":"Cuaresma &#8211; Evangelio 14 mar 08","author":"Pepe Barrascout Ortiz","date":"14 marzo 2008","format":false,"excerpt":"Evangelio seg\u00fan San Juan 10,31-42. Los jud\u00edos tomaron piedras para apedrearlo. Entonces Jes\u00fas dijo: \"Les hice ver muchas obras buenas que vienen del Padre; \u00bfPor cu\u00e1l de ellas me quieren apedrear?\". Los jud\u00edos le respondieron: \"No queremos apedrearte por ninguna obra buena, sino porque blasfemas, ya que, siendo hombre, te\u2026","rel":"","context":"En \u00abLimones\u00bb","block_context":{"text":"Limones","link":"https:\/\/quechilero.com\/blog\/category\/limones\/"},"img":{"alt_text":"","src":"","width":0,"height":0},"classes":[]},{"id":886,"url":"https:\/\/quechilero.com\/blog\/2008\/03\/02\/cuaresma-evangelio-02-mar-08\/","url_meta":{"origin":1019,"position":3},"title":"Cuaresma &#8211; Evangelio 02 mar 08","author":"Pepe Barrascout Ortiz","date":"2 marzo 2008","format":false,"excerpt":"Evangelio seg\u00fan San Juan 9,1-41. Al pasar, vio a un hombre ciego de nacimiento. Sus disc\u00edpulos le preguntaron: \"Maestro, \u00bfqui\u00e9n ha pecado, \u00c9l o sus padres, para que haya nacido ciego?\". \"Ni \u00c9l ni sus padres han pecado, respondi\u00f3 Jes\u00fas; naci\u00f3 as\u00ed para que se manifiesten en \u00c9l las obras\u2026","rel":"","context":"En \u00abLimones\u00bb","block_context":{"text":"Limones","link":"https:\/\/quechilero.com\/blog\/category\/limones\/"},"img":{"alt_text":"","src":"","width":0,"height":0},"classes":[]},{"id":896,"url":"https:\/\/quechilero.com\/blog\/2008\/03\/12\/cuaresma-evangelio-12-mar-08\/","url_meta":{"origin":1019,"position":4},"title":"Cuaresma &#8211; Evangelio 12 mar 08","author":"Pepe Barrascout Ortiz","date":"12 marzo 2008","format":false,"excerpt":"Evangelio seg\u00fan San Juan 8,31-42. Jes\u00fas dijo a aquellos jud\u00edos que hab\u00edan cre\u00eddo en \u00c9l: \"Si ustedes permanecen fieles a mi palabra, ser\u00e1n verdaderamente mis disc\u00edpulos: conocer\u00e1n la verdad y la verdad los har\u00e1 libres\". Ellos le respondieron: \"Somos descendientes de Abraham y jam\u00e1s hemos sido esclavos de nadie. \u00bfC\u00f3mo\u2026","rel":"","context":"En \u00abLimones\u00bb","block_context":{"text":"Limones","link":"https:\/\/quechilero.com\/blog\/category\/limones\/"},"img":{"alt_text":"","src":"","width":0,"height":0},"classes":[]},{"id":27328,"url":"https:\/\/quechilero.com\/blog\/2010\/10\/02\/el-santo-rosario-misterios-gozosos\/","url_meta":{"origin":1019,"position":5},"title":"El Santo Rosario: Misterios Gozosos","author":"Pepe Barrascout Ortiz","date":"2 octubre 2010","format":false,"excerpt":"Los Misterios Gozosos los rezamos los Lunes y S\u00e1bados \u00a0 En el nombre del Padre, y del Hijo, y del Esp\u00edritu Santo. Am\u00e9n. Dios m\u00edo, ven en mi auxilio. Se\u00f1or, date prisa en socorrerme. Gloria al Padre, Gloria al Hijo y Gloria al Esp\u00edritu Santo, Am\u00e9n. Primer Misterio Gozoso. La\u2026","rel":"","context":"En \u00abEl Santo Rosario\u00bb","block_context":{"text":"El Santo Rosario","link":"https:\/\/quechilero.com\/blog\/category\/podcast\/el-santo-rosario\/"},"img":{"alt_text":"Misterios Gozosos","src":"https:\/\/i0.wp.com\/i392.photobucket.com\/albums\/pp7\/pepejaguar\/blog\/Misterios-Gozosos_zps4a26ae91.jpg?resize=350%2C200","width":350,"height":200,"srcset":"https:\/\/i0.wp.com\/i392.photobucket.com\/albums\/pp7\/pepejaguar\/blog\/Misterios-Gozosos_zps4a26ae91.jpg?resize=350%2C200 1x, https:\/\/i0.wp.com\/i392.photobucket.com\/albums\/pp7\/pepejaguar\/blog\/Misterios-Gozosos_zps4a26ae91.jpg?resize=525%2C300 1.5x"},"classes":[]}],"jetpack_featured_media_url":"","_links":{"self":[{"href":"https:\/\/quechilero.com\/blog\/wp-json\/wp\/v2\/posts\/1019","targetHints":{"allow":["GET"]}}],"collection":[{"href":"https:\/\/quechilero.com\/blog\/wp-json\/wp\/v2\/posts"}],"about":[{"href":"https:\/\/quechilero.com\/blog\/wp-json\/wp\/v2\/types\/post"}],"author":[{"embeddable":true,"href":"https:\/\/quechilero.com\/blog\/wp-json\/wp\/v2\/users\/1"}],"replies":[{"embeddable":true,"href":"https:\/\/quechilero.com\/blog\/wp-json\/wp\/v2\/comments?post=1019"}],"version-history":[{"count":0,"href":"https:\/\/quechilero.com\/blog\/wp-json\/wp\/v2\/posts\/1019\/revisions"}],"wp:attachment":[{"href":"https:\/\/quechilero.com\/blog\/wp-json\/wp\/v2\/media?parent=1019"}],"wp:term":[{"taxonomy":"category","embeddable":true,"href":"https:\/\/quechilero.com\/blog\/wp-json\/wp\/v2\/categories?post=1019"},{"taxonomy":"post_tag","embeddable":true,"href":"https:\/\/quechilero.com\/blog\/wp-json\/wp\/v2\/tags?post=1019"},{"taxonomy":"series","embeddable":true,"href":"https:\/\/quechilero.com\/blog\/wp-json\/wp\/v2\/series?post=1019"}],"curies":[{"name":"wp","href":"https:\/\/api.w.org\/{rel}","templated":true}]}}