{"id":101,"date":"2006-08-01T19:16:27","date_gmt":"2006-08-02T01:16:27","guid":{"rendered":"http:\/\/quechilero.com\/blog\/2006\/08\/01\/peyorativo-muy-chapin\/"},"modified":"2006-08-01T19:16:27","modified_gmt":"2006-08-02T01:16:27","slug":"peyorativo-muy-chapin","status":"publish","type":"post","link":"https:\/\/quechilero.com\/blog\/2006\/08\/01\/peyorativo-muy-chapin\/","title":{"rendered":"Peyorativo muy Chap\u00edn"},"content":{"rendered":"<p>Dando una <em>\u00abhojeada\u00bb<\/em> al <a target=\"_blank\" href=\"http:\/\/www.guate360.com\/blog\/\">Blog de mi Guatemala<\/a>, mejor conocido como guate360, encontr\u00e9 un texto que como era la intenci\u00f3n de <a target=\"_blank\" href=\"http:\/\/www.guate360.com\/blog?author=62\">JosephK<\/a>, su autor, me llam\u00f3 mucho la atenci\u00f3n y es que relata muy amenamente la forma en la que los guatemaltecos nos tratamos unos a otros.<\/p>\n<p>Realmente no distinguimos si somos <em>amigos o enemigos<\/em>, simplemente nos tratamos casi igual, diferenciandonos \u00fanicamente por un leve cambio en el tono de la voz y con eso estamos indicando si es de nuestro agrado o no, si es amigo o enemigo el objeto o persona a la cual nos estamos refiriendo.<\/p>\n<p>A continuaci\u00f3n transcribo el primer p\u00e1rrafo del citado texto:<\/p>\n<blockquote><p>En alguna oportunidad o\u00ed a un amigo decir que Costa Rica era el pa\u00eds de los ticos, nicaragua el de los nicas, Honduras de los catrachos, El Salvador de los guanacos y <strong>Guatemala el de los cerotes.<\/strong><\/p><\/blockquote>\n<p>Lejos de ser un texto bulgar y ofensivo, es un an\u00e1lisis a la forma en la que nos tratamos los chapines y de la forma en la que debieramos de hacerlo. Para seguir leyendo este interesante texto, <a target=\"_blank\" href=\"http:\/\/www.guate360.com\/blog\/2006\/08\/01\/cartas-para-los-amigos-no1\/\">haz click aqu\u00ed<\/a>.<\/p>\n","protected":false},"excerpt":{"rendered":"<p>Dando una \u00abhojeada\u00bb al Blog de mi Guatemala, mejor conocido como guate360, encontr\u00e9 un texto que como era la intenci\u00f3n de JosephK, su autor, me llam\u00f3 mucho la atenci\u00f3n y es que relata muy amenamente la forma en la que los guatemaltecos nos tratamos unos a otros. Realmente no distinguimos si somos amigos o enemigos, &#8230; <a title=\"Peyorativo muy Chap\u00edn\" class=\"read-more\" href=\"https:\/\/quechilero.com\/blog\/2006\/08\/01\/peyorativo-muy-chapin\/\" aria-label=\"Leer m\u00e1s sobre Peyorativo muy Chap\u00edn\">Leer m\u00e1s<\/a><\/p>\n","protected":false},"author":1,"featured_media":0,"comment_status":"open","ping_status":"open","sticky":false,"template":"","format":"standard","meta":{"advanced_seo_description":"","jetpack_seo_html_title":"","jetpack_seo_noindex":false,"jetpack_seo_schema_type":"","episode_type":"","audio_file":"","podmotor_file_id":"","podmotor_episode_id":"","cover_image":"","cover_image_id":"","duration":"","filesize":"","filesize_raw":"","date_recorded":"","explicit":"","block":"","_jetpack_newsletter_access":"","_jetpack_dont_email_post_to_subs":false,"_jetpack_newsletter_tier_id":0,"_jetpack_memberships_contains_paywalled_content":false,"_jetpack_feature_clip_id":0,"_jetpack_memberships_contains_paid_content":false,"footnotes":"","jetpack_publicize_message":"","jetpack_publicize_feature_enabled":true,"jetpack_social_post_already_shared":false,"jetpack_social_options":{"image_generator_settings":{"template":"highway","default_image_id":0,"font":"","enabled":false},"version":2},"jetpack_post_was_ever_published":false},"categories":[2],"tags":[11,4,10],"series":[],"class_list":["post-101","post","type-post","status-publish","format-standard","hentry","category-limones","tag-amigo","tag-blog","tag-guatemala"],"episode_featured_image":false,"episode_player_image":"https:\/\/i0.wp.com\/quechilero.com\/blog\/imagenes\/podcast.png?fit=1831%2C1831&ssl=1","download_link":"","player_link":"","audio_player":false,"episode_data":{"playerMode":"dark","subscribeUrls":{"amazon":{"key":"amazon","url":"","label":"Amazon","class":"amazon","icon":"amazon.png"},"apple_podcasts":{"key":"apple_podcasts","url":"","label":"Apple Podcasts","class":"apple_podcasts","icon":"apple-podcasts.png"},"castbox":{"key":"castbox","url":"","label":"CastBox","class":"castbox","icon":"castbox.png"},"deezer":{"key":"deezer","url":"","label":"Deezer","class":"deezer","icon":"deezer.png"},"google_podcasts":{"key":"google_podcasts","url":"","label":"Google Podcasts","class":"google_podcasts","icon":"google-podcasts.png"},"listen_notes":{"key":"listen_notes","url":"","label":"Listen Notes","class":"listen_notes","icon":"listen-notes.png"},"pandora":{"key":"pandora","url":"","label":"Pandora","class":"pandora","icon":"pandora.png"},"podbean":{"key":"podbean","url":"","label":"Podbean","class":"podbean","icon":"podbean.png"},"podcast_republic":{"key":"podcast_republic","url":"","label":"Podcast Republic","class":"podcast_republic","icon":"podcast-republic.png"},"rss":{"key":"rss","url":"","label":"RSS","class":"rss","icon":"rss.png"},"spotify":{"key":"spotify","url":"","label":"Spotify","class":"spotify","icon":"spotify.png"},"stitcher":{"key":"stitcher","url":"","label":"Stitcher","class":"stitcher","icon":"stitcher.png"},"tunein":{"key":"tunein","url":"","label":"TuneIn","class":"tunein","icon":"tunein.png"},"youtube":{"key":"youtube","url":"","label":"YouTube","class":"youtube","icon":"youtube.png"},"iheartradio":{"key":"iheartradio","url":"","label":"iHeartRadio","class":"iheartradio","icon":"iheartradio.png"},"ivoox":{"key":"ivoox","url":"","label":"iVoox","class":"ivoox","icon":"ivoox.png"}},"rssFeedUrl":"https:\/\/quechilero.com\/blog\/feed\/podcast\/si-la-vida-nos-da-limones","embedCode":"<blockquote class=\"wp-embedded-content\" data-secret=\"6LHevqkH8x\"><a href=\"https:\/\/quechilero.com\/blog\/2006\/08\/01\/peyorativo-muy-chapin\/\">Peyorativo muy Chap\u00edn<\/a><\/blockquote><iframe sandbox=\"allow-scripts\" security=\"restricted\" src=\"https:\/\/quechilero.com\/blog\/2006\/08\/01\/peyorativo-muy-chapin\/embed\/#?secret=6LHevqkH8x\" width=\"500\" height=\"350\" title=\"\u00abPeyorativo muy Chap\u00edn\u00bb \u2014 Si la Vida nos da Limones...\" data-secret=\"6LHevqkH8x\" frameborder=\"0\" marginwidth=\"0\" marginheight=\"0\" scrolling=\"no\" class=\"wp-embedded-content\"><\/iframe><script>\n\/*! This file is auto-generated *\/\n!function(d,l){\"use strict\";l.querySelector&&d.addEventListener&&\"undefined\"!=typeof URL&&(d.wp=d.wp||{},d.wp.receiveEmbedMessage||(d.wp.receiveEmbedMessage=function(e){var t=e.data;if((t||t.secret||t.message||t.value)&&!\/[^a-zA-Z0-9]\/.test(t.secret)){for(var s,r,n,a=l.querySelectorAll('iframe[data-secret=\"'+t.secret+'\"]'),o=l.querySelectorAll('blockquote[data-secret=\"'+t.secret+'\"]'),c=new RegExp(\"^https?:$\",\"i\"),i=0;i<o.length;i++)o[i].style.display=\"none\";for(i=0;i<a.length;i++)s=a[i],e.source===s.contentWindow&&(s.removeAttribute(\"style\"),\"height\"===t.message?(1e3<(r=parseInt(t.value,10))?r=1e3:~~r<200&&(r=200),s.height=r):\"link\"===t.message&&(r=new URL(s.getAttribute(\"src\")),n=new URL(t.value),c.test(n.protocol))&&n.host===r.host&&l.activeElement===s&&(d.top.location.href=t.value))}},d.addEventListener(\"message\",d.wp.receiveEmbedMessage,!1),l.addEventListener(\"DOMContentLoaded\",function(){for(var e,t,s=l.querySelectorAll(\"iframe.wp-embedded-content\"),r=0;r<s.length;r++)(t=(e=s[r]).getAttribute(\"data-secret\"))||(t=Math.random().toString(36).substring(2,12),e.src+=\"#?secret=\"+t,e.setAttribute(\"data-secret\",t)),e.contentWindow.postMessage({message:\"ready\",secret:t},\"*\")},!1)))}(window,document);\n\/\/# sourceURL=https:\/\/quechilero.com\/blog\/wp-includes\/js\/wp-embed.min.js\n<\/script>\n"},"jetpack_publicize_connections":[],"jetpack_shortlink":"https:\/\/wp.me\/pDKli-1D","jetpack_sharing_enabled":true,"jetpack-related-posts":[{"id":5282,"url":"https:\/\/quechilero.com\/blog\/2010\/08\/23\/maraton-de-blogs-guille-y-bruno\/","url_meta":{"origin":101,"position":0},"title":"Marat\u00f3n de Blogs: Guille y Bruno","author":"Pepe Barrascout Ortiz","date":"23 agosto 2010","format":false,"excerpt":"Guille y Bruno, es un blog colaborativo, en el que participan mas de diez personas, que publican las distintas secciones en las que se organiza el Blog. Se definen a si mismos como: Nos la pasamos platicando de todo, desde arte, m\u00fasica, chamuscas, negocios hasta el atol de elote con\u2026","rel":"","context":"En \u00abBlogs de Guatemala\u00bb","block_context":{"text":"Blogs de Guatemala","link":"https:\/\/quechilero.com\/blog\/category\/blogs-de-guatemala\/"},"img":{"alt_text":"","src":"https:\/\/i0.wp.com\/i392.photobucket.com\/albums\/pp7\/pepejaguar\/maraton\/guilleybruno.png?resize=350%2C200","width":350,"height":200,"srcset":"https:\/\/i0.wp.com\/i392.photobucket.com\/albums\/pp7\/pepejaguar\/maraton\/guilleybruno.png?resize=350%2C200 1x, https:\/\/i0.wp.com\/i392.photobucket.com\/albums\/pp7\/pepejaguar\/maraton\/guilleybruno.png?resize=525%2C300 1.5x"},"classes":[]},{"id":618,"url":"https:\/\/quechilero.com\/blog\/2007\/08\/01\/maraton-de-blogs-sugerencias-para-una-vida-mejor\/","url_meta":{"origin":101,"position":1},"title":"Marat\u00f3n de Blogs &#8211; Sugerencias para una vida mejor","author":"Pepe Barrascout Ortiz","date":"1 agosto 2007","format":false,"excerpt":"Iniciamos el Marat\u00f3n de Blogs, con este texto publicado originalmente en Blog Guatemala, el cual nos ayuda a reflexionar sobre nuestra vida actua y nos motiva a mejorarla. ********** Sugerencias para una vida mejor Hola amigos es importante saber que hay una persona que siempre nos podr\u00e1 ayudar mejor que\u2026","rel":"","context":"En \u00abLimones\u00bb","block_context":{"text":"Limones","link":"https:\/\/quechilero.com\/blog\/category\/limones\/"},"img":{"alt_text":"","src":"","width":0,"height":0},"classes":[]},{"id":9936,"url":"https:\/\/quechilero.com\/blog\/2011\/08\/28\/maraton-de-blogs-evy\/","url_meta":{"origin":101,"position":2},"title":"Marat\u00f3n de Blogs: Evy","author":"Pepe Barrascout Ortiz","date":"28 agosto 2011","format":false,"excerpt":"Este es un espacio para compartir contigo, donde deseo publicar de todo un poco, perlo lo importante es que te deje algo a ti en el coraz\u00f3n y te haga reflexionar... as\u00ed es como Evelyn\u00a0da la bienvenida a sus lectores en su blog llamado simplemente Evy, que seguro es por\u2026","rel":"","context":"En \u00abBlogs de Guatemala\u00bb","block_context":{"text":"Blogs de Guatemala","link":"https:\/\/quechilero.com\/blog\/category\/blogs-de-guatemala\/"},"img":{"alt_text":"","src":"https:\/\/i0.wp.com\/i392.photobucket.com\/albums\/pp7\/pepejaguar\/maraton\/evy.png?resize=350%2C200","width":350,"height":200,"srcset":"https:\/\/i0.wp.com\/i392.photobucket.com\/albums\/pp7\/pepejaguar\/maraton\/evy.png?resize=350%2C200 1x, https:\/\/i0.wp.com\/i392.photobucket.com\/albums\/pp7\/pepejaguar\/maraton\/evy.png?resize=525%2C300 1.5x"},"classes":[]},{"id":3265,"url":"https:\/\/quechilero.com\/blog\/2009\/08\/22\/maraton-de-blogs-una-hoja-de-papel\/","url_meta":{"origin":101,"position":3},"title":"Marat\u00f3n de Blogs: Una Hoja de Papel","author":"Pepe Barrascout Ortiz","date":"22 agosto 2009","format":false,"excerpt":"Con el lema \"Las buenas ideas se escriben\", nos da la bienvenida Una Hoja de Papel, el blog personal de Julio Renos, que d\u00eda a d\u00eda va publicando nuevos art\u00edculos de inter\u00e9s personal y que considera que pueden ser de utilidad a sus much\u00edsimos lectores. Una Hoja de Papel a\u00fan\u2026","rel":"","context":"En \u00abBlogs de Guatemala\u00bb","block_context":{"text":"Blogs de Guatemala","link":"https:\/\/quechilero.com\/blog\/category\/blogs-de-guatemala\/"},"img":{"alt_text":"Marat\u00f3n de Blogs 2009","src":"https:\/\/i0.wp.com\/i392.photobucket.com\/albums\/pp7\/pepejaguar\/maraton2009\/maraton2009.jpg?resize=350%2C200","width":350,"height":200,"srcset":"https:\/\/i0.wp.com\/i392.photobucket.com\/albums\/pp7\/pepejaguar\/maraton2009\/maraton2009.jpg?resize=350%2C200 1x, https:\/\/i0.wp.com\/i392.photobucket.com\/albums\/pp7\/pepejaguar\/maraton2009\/maraton2009.jpg?resize=525%2C300 1.5x"},"classes":[]},{"id":1222,"url":"https:\/\/quechilero.com\/blog\/2008\/08\/07\/carpe-diem\/","url_meta":{"origin":101,"position":4},"title":"Marat\u00f3n &#8211; Carpe Diem","author":"Pepe Barrascout Ortiz","date":"7 agosto 2008","format":false,"excerpt":"Del papel a la pantalla, de un medio de alcance local, a uno de alcance mundial. \"Cosecha el d\u00eda\" o Carpe Diem es un blog que surge de una ex-columna de las p\u00e1ginas editoriales de uno de los peri\u00f3dicos comerciales de Guatemala. La columna Carpe Diem, deja de ser publicada\u2026","rel":"","context":"En \u00abBlogs de Guatemala\u00bb","block_context":{"text":"Blogs de Guatemala","link":"https:\/\/quechilero.com\/blog\/category\/blogs-de-guatemala\/"},"img":{"alt_text":"Carpe Diem","src":"https:\/\/i0.wp.com\/img117.imageshack.us\/img117\/6205\/maratonjq9.jpg?resize=350%2C200","width":350,"height":200},"classes":[]},{"id":3284,"url":"https:\/\/quechilero.com\/blog\/2009\/08\/29\/maraton-de-blogs-espacio-pq\/","url_meta":{"origin":101,"position":5},"title":"Marat\u00f3n de Blogs: Espacio PQ","author":"Pepe Barrascout Ortiz","date":"29 agosto 2009","format":false,"excerpt":"Espacio pq es el nombre que mi buena amiga Vivian Roca, le ha puesto a su blog personal en el que escribe temas de inter\u00e9s realcionados principalmente con Linux y en particular con Kubuntu, ya que es una gran usuaria de KDE. Espacio pq empez\u00f3 en mayo de 2008 y\u2026","rel":"","context":"En \u00abBlogs de Guatemala\u00bb","block_context":{"text":"Blogs de Guatemala","link":"https:\/\/quechilero.com\/blog\/category\/blogs-de-guatemala\/"},"img":{"alt_text":"Marat\u00f3n de Blogs 2009","src":"https:\/\/i0.wp.com\/i392.photobucket.com\/albums\/pp7\/pepejaguar\/maraton2009\/maraton2009.jpg?resize=350%2C200","width":350,"height":200,"srcset":"https:\/\/i0.wp.com\/i392.photobucket.com\/albums\/pp7\/pepejaguar\/maraton2009\/maraton2009.jpg?resize=350%2C200 1x, https:\/\/i0.wp.com\/i392.photobucket.com\/albums\/pp7\/pepejaguar\/maraton2009\/maraton2009.jpg?resize=525%2C300 1.5x"},"classes":[]}],"jetpack_featured_media_url":"","_links":{"self":[{"href":"https:\/\/quechilero.com\/blog\/wp-json\/wp\/v2\/posts\/101","targetHints":{"allow":["GET"]}}],"collection":[{"href":"https:\/\/quechilero.com\/blog\/wp-json\/wp\/v2\/posts"}],"about":[{"href":"https:\/\/quechilero.com\/blog\/wp-json\/wp\/v2\/types\/post"}],"author":[{"embeddable":true,"href":"https:\/\/quechilero.com\/blog\/wp-json\/wp\/v2\/users\/1"}],"replies":[{"embeddable":true,"href":"https:\/\/quechilero.com\/blog\/wp-json\/wp\/v2\/comments?post=101"}],"version-history":[{"count":0,"href":"https:\/\/quechilero.com\/blog\/wp-json\/wp\/v2\/posts\/101\/revisions"}],"wp:attachment":[{"href":"https:\/\/quechilero.com\/blog\/wp-json\/wp\/v2\/media?parent=101"}],"wp:term":[{"taxonomy":"category","embeddable":true,"href":"https:\/\/quechilero.com\/blog\/wp-json\/wp\/v2\/categories?post=101"},{"taxonomy":"post_tag","embeddable":true,"href":"https:\/\/quechilero.com\/blog\/wp-json\/wp\/v2\/tags?post=101"},{"taxonomy":"series","embeddable":true,"href":"https:\/\/quechilero.com\/blog\/wp-json\/wp\/v2\/series?post=101"}],"curies":[{"name":"wp","href":"https:\/\/api.w.org\/{rel}","templated":true}]}}