{"id":10095,"date":"2011-08-21T08:00:19","date_gmt":"2011-08-21T14:00:19","guid":{"rendered":"http:\/\/quechilero.com\/blog\/?p=10095"},"modified":"2011-08-21T08:00:19","modified_gmt":"2011-08-21T14:00:19","slug":"nacidos-para-conquistar","status":"publish","type":"post","link":"https:\/\/quechilero.com\/blog\/2011\/08\/21\/nacidos-para-conquistar\/","title":{"rendered":"Nacidos para conquistar"},"content":{"rendered":"<p>El 29 de mayo de 1953 es se\u00f1alado en la historia como la fecha en la que la cima del monte Everest fue conquistada por seres humanos.<\/p>\n<p>George Mallory y Andrew Irvine fueron dos hombres que muchas veces intentaron escalar esta monta\u00f1a, fracasando en el intento y muriendo en la expedici\u00f3n del 24 de Junio de 1924. A\u00f1os despu\u00e9s de esa expedici\u00f3n otros hombres intentaron conquistar esta monta\u00f1a.<\/p>\n<p>Al realizar nuevamente este intento, en esta expedici\u00f3n murieron otras personas. En una rueda de prensa despu\u00e9s de este fracaso, un periodista le pregunt\u00f3 a uno de los alpinistas si se sent\u00eda derrotado. Tras de \u00e9l hab\u00eda una imagen del Everest. Este alpinista, en lugar de responder la pregunta, mir\u00f3 hacia la imagen y le dijo: \u00abEverest, a\u00fan no conoces la conquista, pero cada d\u00eda te conocemos m\u00e1s a ti y por esa raz\u00f3n vamos a conquistarte. \u00bb<\/p>\n<p>El placer de conquistar la c\u00fapula de una monta\u00f1a no tiene explicaci\u00f3n alguna, creo que es un deseo inherente al ser humano.<\/p>\n<p>Esto me dice que la conquista est\u00e1 ligada a la naturaleza humana, y por lo tanto la lucha para lograrla tambi\u00e9n. Dios nos dot\u00f3 de todos los elementos necesarios para ser conquistadores; posiblemente no necesitemos de aventuras en los montes m\u00e1s escarpados, ni las selvas m\u00e1s amaz\u00f3nicas o los r\u00edos m\u00e1s caudalosos, talvez nuestra conquista tenga que ver con formar una familia s\u00f3lida, finalizar nuestros estudios con excelencia o servir a los dem\u00e1s.<\/p>\n<p>Posiblemente est\u00e9s luchando contra un c\u00e1ncer u otra enfermedad menos traidora. S\u00f3lo recuerda: el mayor conquistador de todos los siglos espera que clames a \u00c9l y para darte la victoria. Dios nunca ha perdido, ni perder\u00e1 una batalla. Dios no engendra hijos derrotados.<\/p>\n","protected":false},"excerpt":{"rendered":"<p>El 29 de mayo de 1953 es se\u00f1alado en la historia como la fecha en la que la cima del monte Everest fue conquistada por seres humanos. George Mallory y Andrew Irvine fueron dos hombres que muchas veces intentaron escalar esta monta\u00f1a, fracasando en el intento y muriendo en la expedici\u00f3n del 24 de Junio &#8230; <a title=\"Nacidos para conquistar\" class=\"read-more\" href=\"https:\/\/quechilero.com\/blog\/2011\/08\/21\/nacidos-para-conquistar\/\" aria-label=\"Leer m\u00e1s sobre Nacidos para conquistar\">Leer m\u00e1s<\/a><\/p>\n","protected":false},"author":1,"featured_media":0,"comment_status":"open","ping_status":"open","sticky":false,"template":"","format":"standard","meta":{"advanced_seo_description":"","jetpack_seo_html_title":"","jetpack_seo_noindex":false,"jetpack_seo_schema_type":"","episode_type":"","audio_file":"","podmotor_file_id":"","podmotor_episode_id":"","cover_image":"","cover_image_id":"","duration":"","filesize":"","filesize_raw":"","date_recorded":"","explicit":"","block":"","_jetpack_newsletter_access":"","_jetpack_dont_email_post_to_subs":false,"_jetpack_newsletter_tier_id":0,"_jetpack_memberships_contains_paywalled_content":false,"_jetpack_feature_clip_id":0,"_jetpack_memberships_contains_paid_content":false,"footnotes":"","jetpack_publicize_message":"","jetpack_publicize_feature_enabled":true,"jetpack_social_post_already_shared":false,"jetpack_social_options":{"image_generator_settings":{"template":"highway","default_image_id":0,"font":"","enabled":false},"version":2},"jetpack_post_was_ever_published":false},"categories":[2],"tags":[45,51,17,18,33],"series":[],"class_list":["post-10095","post","type-post","status-publish","format-standard","hentry","category-limones","tag-deseo","tag-dios","tag-historia","tag-hombre","tag-humanos"],"episode_featured_image":false,"episode_player_image":"https:\/\/i0.wp.com\/quechilero.com\/blog\/imagenes\/podcast.png?fit=1831%2C1831&ssl=1","download_link":"","player_link":"","audio_player":false,"episode_data":{"playerMode":"dark","subscribeUrls":{"amazon":{"key":"amazon","url":"","label":"Amazon","class":"amazon","icon":"amazon.png"},"apple_podcasts":{"key":"apple_podcasts","url":"","label":"Apple Podcasts","class":"apple_podcasts","icon":"apple-podcasts.png"},"castbox":{"key":"castbox","url":"","label":"CastBox","class":"castbox","icon":"castbox.png"},"deezer":{"key":"deezer","url":"","label":"Deezer","class":"deezer","icon":"deezer.png"},"google_podcasts":{"key":"google_podcasts","url":"","label":"Google Podcasts","class":"google_podcasts","icon":"google-podcasts.png"},"listen_notes":{"key":"listen_notes","url":"","label":"Listen Notes","class":"listen_notes","icon":"listen-notes.png"},"pandora":{"key":"pandora","url":"","label":"Pandora","class":"pandora","icon":"pandora.png"},"podbean":{"key":"podbean","url":"","label":"Podbean","class":"podbean","icon":"podbean.png"},"podcast_republic":{"key":"podcast_republic","url":"","label":"Podcast Republic","class":"podcast_republic","icon":"podcast-republic.png"},"rss":{"key":"rss","url":"","label":"RSS","class":"rss","icon":"rss.png"},"spotify":{"key":"spotify","url":"","label":"Spotify","class":"spotify","icon":"spotify.png"},"stitcher":{"key":"stitcher","url":"","label":"Stitcher","class":"stitcher","icon":"stitcher.png"},"tunein":{"key":"tunein","url":"","label":"TuneIn","class":"tunein","icon":"tunein.png"},"youtube":{"key":"youtube","url":"","label":"YouTube","class":"youtube","icon":"youtube.png"},"iheartradio":{"key":"iheartradio","url":"","label":"iHeartRadio","class":"iheartradio","icon":"iheartradio.png"},"ivoox":{"key":"ivoox","url":"","label":"iVoox","class":"ivoox","icon":"ivoox.png"}},"rssFeedUrl":"https:\/\/quechilero.com\/blog\/feed\/podcast\/si-la-vida-nos-da-limones","embedCode":"<blockquote class=\"wp-embedded-content\" data-secret=\"jJWqSw6HsZ\"><a href=\"https:\/\/quechilero.com\/blog\/2011\/08\/21\/nacidos-para-conquistar\/\">Nacidos para conquistar<\/a><\/blockquote><iframe sandbox=\"allow-scripts\" security=\"restricted\" src=\"https:\/\/quechilero.com\/blog\/2011\/08\/21\/nacidos-para-conquistar\/embed\/#?secret=jJWqSw6HsZ\" width=\"500\" height=\"350\" title=\"\u00abNacidos para conquistar\u00bb \u2014 Si la Vida nos da Limones...\" data-secret=\"jJWqSw6HsZ\" frameborder=\"0\" marginwidth=\"0\" marginheight=\"0\" scrolling=\"no\" class=\"wp-embedded-content\"><\/iframe><script>\n\/*! This file is auto-generated *\/\n!function(d,l){\"use strict\";l.querySelector&&d.addEventListener&&\"undefined\"!=typeof URL&&(d.wp=d.wp||{},d.wp.receiveEmbedMessage||(d.wp.receiveEmbedMessage=function(e){var t=e.data;if((t||t.secret||t.message||t.value)&&!\/[^a-zA-Z0-9]\/.test(t.secret)){for(var s,r,n,a=l.querySelectorAll('iframe[data-secret=\"'+t.secret+'\"]'),o=l.querySelectorAll('blockquote[data-secret=\"'+t.secret+'\"]'),c=new RegExp(\"^https?:$\",\"i\"),i=0;i<o.length;i++)o[i].style.display=\"none\";for(i=0;i<a.length;i++)s=a[i],e.source===s.contentWindow&&(s.removeAttribute(\"style\"),\"height\"===t.message?(1e3<(r=parseInt(t.value,10))?r=1e3:~~r<200&&(r=200),s.height=r):\"link\"===t.message&&(r=new URL(s.getAttribute(\"src\")),n=new URL(t.value),c.test(n.protocol))&&n.host===r.host&&l.activeElement===s&&(d.top.location.href=t.value))}},d.addEventListener(\"message\",d.wp.receiveEmbedMessage,!1),l.addEventListener(\"DOMContentLoaded\",function(){for(var e,t,s=l.querySelectorAll(\"iframe.wp-embedded-content\"),r=0;r<s.length;r++)(t=(e=s[r]).getAttribute(\"data-secret\"))||(t=Math.random().toString(36).substring(2,12),e.src+=\"#?secret=\"+t,e.setAttribute(\"data-secret\",t)),e.contentWindow.postMessage({message:\"ready\",secret:t},\"*\")},!1)))}(window,document);\n\/\/# sourceURL=https:\/\/quechilero.com\/blog\/wp-includes\/js\/wp-embed.min.js\n<\/script>\n"},"jetpack_publicize_connections":[],"jetpack_shortlink":"https:\/\/wp.me\/pDKli-2CP","jetpack_sharing_enabled":true,"jetpack-related-posts":[{"id":298,"url":"https:\/\/quechilero.com\/blog\/2006\/11\/02\/alpinista-con-cancer\/","url_meta":{"origin":10095,"position":0},"title":"Alpinista con c\u00e1ncer","author":"Pepe Barrascout Ortiz","date":"2 noviembre 2006","format":false,"excerpt":"Soy en realidad el primero (y el \u00fanico) sobreviviente de c\u00e1ncer en escalar la cima de la monta\u00f1a m\u00e1s alta del mundo... el Monte Everest. Cuando ten\u00eda s\u00f3lo 13 a\u00f1os, fui diagnosticado con la enfermedad de Hodgkins y se me dieron tres meses de vida. A los 15 a\u00f1os, fui\u2026","rel":"","context":"En \u00abLimones\u00bb","block_context":{"text":"Limones","link":"https:\/\/quechilero.com\/blog\/category\/limones\/"},"img":{"alt_text":"","src":"","width":0,"height":0},"classes":[]},{"id":17351,"url":"https:\/\/quechilero.com\/blog\/2013\/10\/21\/el-alpinista-2\/","url_meta":{"origin":10095,"position":1},"title":"El alpinista","author":"Pepe Barrascout Ortiz","date":"21 octubre 2013","format":false,"excerpt":"Cuentan que un alpinista, desesperado por conquistar el Aconcagua, inici\u00f3 su traves\u00eda despu\u00e9s de a\u00f1os de preparaci\u00f3n, pero quer\u00eda la gloria para \u00e9l solo; por lo tanto, subi\u00f3 sin compa\u00f1eros. Empez\u00f3 a subir y se le fue haciendo tarde, y m\u00e1s tarde, y no se prepar\u00f3 para acampar, sino que\u2026","rel":"","context":"En \u00abLimones\u00bb","block_context":{"text":"Limones","link":"https:\/\/quechilero.com\/blog\/category\/limones\/"},"img":{"alt_text":"","src":"","width":0,"height":0},"classes":[]},{"id":13020,"url":"https:\/\/quechilero.com\/blog\/2012\/04\/14\/el-alpinista\/","url_meta":{"origin":10095,"position":2},"title":"El Alpinista","author":"Pepe Barrascout Ortiz","date":"14 abril 2012","format":false,"excerpt":"Cuentan que un alpinista, desesperado por conquistar el Aconcagua. Inici\u00f3 su traves\u00eda, despu\u00e9s de a\u00f1os de preparaci\u00f3n, pero quer\u00eda la gloria para \u00e9l s\u00f3lo, por lo tanto subi\u00f3 sin sus compa\u00f1eros. Empez\u00f3 a subir y se le fue haciendo tarde, y m\u00e1s tarde, y no se prepar\u00f3 para acampar, sino\u2026","rel":"","context":"En \u00abLimones\u00bb","block_context":{"text":"Limones","link":"https:\/\/quechilero.com\/blog\/category\/limones\/"},"img":{"alt_text":"","src":"","width":0,"height":0},"classes":[]},{"id":19832,"url":"https:\/\/quechilero.com\/blog\/2015\/02\/17\/no-eres-un-fracaso\/","url_meta":{"origin":10095,"position":3},"title":"\u00a1No eres un fracaso!","author":"Pepe Barrascout Ortiz","date":"17 febrero 2015","format":false,"excerpt":"La diferencia entre el \u00e9xito y el fracaso a menudo es la habilidad de levantarse una vez m\u00e1s que el n\u00famero de tus ca\u00eddas. Mois\u00e9s pudo haberse dado por vencido con facilidad. \u00c9l tuvo una ni\u00f1ez interrumpida y vivi\u00f3 con una familia de crianza. Ten\u00eda un temperamento fuerte, una lengua\u2026","rel":"","context":"En \u00abLimones\u00bb","block_context":{"text":"Limones","link":"https:\/\/quechilero.com\/blog\/category\/limones\/"},"img":{"alt_text":"","src":"","width":0,"height":0},"classes":[]},{"id":19679,"url":"https:\/\/quechilero.com\/blog\/2015\/01\/24\/conquista-tu-enemigo-transformalo-en-tu-amigo\/","url_meta":{"origin":10095,"position":4},"title":"Conquista a tu enemigo: transf\u00f3rmalo en tu amigo","author":"Pepe Barrascout Ortiz","date":"24 enero 2015","format":false,"excerpt":"Cuando una mujer hind\u00fa se hizo seguidora de Cristo, su marido y otros parientes trataron de hacerle la vida imposible. Un d\u00eda un misionero le pregunt\u00f3: - Cuando tu esposo se enfada y te hostiga, \u00bfqu\u00e9 haces? - Le preparo una mejor comida y le barro mejor el piso -replic\u00f3\u2026","rel":"","context":"En \u00abLimones\u00bb","block_context":{"text":"Limones","link":"https:\/\/quechilero.com\/blog\/category\/limones\/"},"img":{"alt_text":"","src":"","width":0,"height":0},"classes":[]},{"id":21242,"url":"https:\/\/quechilero.com\/blog\/2015\/06\/28\/el-lente-de-contacto\/","url_meta":{"origin":10095,"position":5},"title":"El lente de contacto","author":"Pepe Barrascout Ortiz","date":"28 junio 2015","format":false,"excerpt":"Brenda era una joven mujer que fue invitada a escalar rocas. Aunque esto le causaba mucho miedo, fue con su grupo a un tremendo risco de granito. A pesar de su miedo, se coloc\u00f3 el equipo, tom\u00f3 un extremo de la cuerda y comenz\u00f3 a enfrentar la roca. En determinado\u2026","rel":"","context":"En \u00abLimones\u00bb","block_context":{"text":"Limones","link":"https:\/\/quechilero.com\/blog\/category\/limones\/"},"img":{"alt_text":"","src":"","width":0,"height":0},"classes":[]}],"jetpack_featured_media_url":"","_links":{"self":[{"href":"https:\/\/quechilero.com\/blog\/wp-json\/wp\/v2\/posts\/10095","targetHints":{"allow":["GET"]}}],"collection":[{"href":"https:\/\/quechilero.com\/blog\/wp-json\/wp\/v2\/posts"}],"about":[{"href":"https:\/\/quechilero.com\/blog\/wp-json\/wp\/v2\/types\/post"}],"author":[{"embeddable":true,"href":"https:\/\/quechilero.com\/blog\/wp-json\/wp\/v2\/users\/1"}],"replies":[{"embeddable":true,"href":"https:\/\/quechilero.com\/blog\/wp-json\/wp\/v2\/comments?post=10095"}],"version-history":[{"count":0,"href":"https:\/\/quechilero.com\/blog\/wp-json\/wp\/v2\/posts\/10095\/revisions"}],"wp:attachment":[{"href":"https:\/\/quechilero.com\/blog\/wp-json\/wp\/v2\/media?parent=10095"}],"wp:term":[{"taxonomy":"category","embeddable":true,"href":"https:\/\/quechilero.com\/blog\/wp-json\/wp\/v2\/categories?post=10095"},{"taxonomy":"post_tag","embeddable":true,"href":"https:\/\/quechilero.com\/blog\/wp-json\/wp\/v2\/tags?post=10095"},{"taxonomy":"series","embeddable":true,"href":"https:\/\/quechilero.com\/blog\/wp-json\/wp\/v2\/series?post=10095"}],"curies":[{"name":"wp","href":"https:\/\/api.w.org\/{rel}","templated":true}]}}