{"id":10092,"date":"2011-08-18T08:00:33","date_gmt":"2011-08-18T14:00:33","guid":{"rendered":"http:\/\/quechilero.com\/blog\/?p=10092"},"modified":"2011-08-18T08:00:33","modified_gmt":"2011-08-18T14:00:33","slug":"el-extrano","status":"publish","type":"post","link":"https:\/\/quechilero.com\/blog\/2011\/08\/18\/el-extrano\/","title":{"rendered":"El Extra\u00f1o"},"content":{"rendered":"<p>Unos cuantos a\u00f1os despu\u00e9s de que yo nac\u00ed, mi padre conoci\u00f3 a un extra\u00f1o en nuestra peque\u00f1a poblaci\u00f3n. Desde el principio mi padre qued\u00f3 fascinado con este reci\u00e9n llegado encantador personaje y enseguida le invit\u00f3 a que viviera con nuestra familia. El Extra\u00f1o acept\u00f3 y desde entonces ha estado con nosotros. Mientras yo crec\u00eda nunca pregunt\u00e9 su lugar en mi familia, en mi mente joven ya ten\u00eda un lugar muy especial.<\/p>\n<p>Mis padres eran instructores complementarios: mi mam\u00e1 me ense\u00f1\u00f3 lo que era bueno y lo que era malo y mi pap\u00e1 me ense\u00f1\u00f3 a obedecer. Pero el Extra\u00f1o era nuestro narrador. Nos manten\u00eda hechizados por horas con aventuras, misterios y comedias. Si yo quer\u00eda saber cualquier cosa de pol\u00edtica, historia o ciencia, \u00e9l siempre sab\u00eda las contestaciones sobre el pasado. \u00a1Conoc\u00eda del presente y hasta pod\u00eda predecir el futuro!<\/p>\n<p>Llev\u00f3 a mi familia a las Olimp\u00edadas. Me hac\u00eda re\u00edr y me hacia llorar. El Extra\u00f1o nunca paraba de hablar, pero a mi padre no le importaba. A veces mi mam\u00e1 se levantaba temprano y callaba mientras que el resto de nosotros est\u00e1bamos pendientes para escuchar lo que el Extra\u00f1o ten\u00eda que decir, pero ella se iba a la cocina para tener paz y tranquilidad. Ahora me pregunto si ella habr\u00e1 rezado alguna vez para que el Extra\u00f1o se fuera de nuestra casa.<\/p>\n<p><!--more--><\/p>\n<p>Mi padre dirigi\u00f3 nuestro hogar con ciertas convicciones morales, pero el Extra\u00f1o nunca se sent\u00eda obligado a honrarlas. Las blasfemias, por ejemplo, no fueron permitidas en nuestra casa ni en la de nuestros amigos o de cualesquiera visitantes; sin embargo, nuestro visitante de largo plazo lograba pronunciar las palabras \u00e9sas que quemaban mis o\u00eddos e hicieron que mi pap\u00e1 se retorciera y mi madre se ruborizara.<\/p>\n<p>Mi pap\u00e1 nunca nos dio permiso para usar alcohol de manera liberal, pero el extra\u00f1o nos anim\u00f3 a intentarlo sobre una base regular. Hizo que los cigarrillos parecieran frescos e inofensivos, y que los cigarros y las pipas se vieran distinguidos. Hablaba libremente (demasiado) sobre sexo y sus comentarios eran a veces evidentes, a veces sugestivos, y generalmente vergonzosos. Mil y una veces nos hizo ver que matar es algo natural y hasta correcto, si est\u00e1 inspirado en una buena causa.<\/p>\n<p>Ahora s\u00e9 que mis conceptos sobre las relaciones humanas fueron influenciados fuertemente durante mi adolescencia por el Extra\u00f1o. Repetidas veces lo reprendieron y raramente le hizo caso a los valores de mis padres y nunca le pidieron que se fuera. M\u00e1s de cincuenta a\u00f1os han pasado desde que el Extra\u00f1o se mud\u00f3 con nuestra familia. Desde entonces ha cambiado mucho y ya no es casi tan fascinante como era al principio. No obstante, si hoy usted pudiera entrar en la guarida de mis padres, todav\u00eda lo encontrar\u00eda sentado en su esquina, esperando a alguien para que escuche sus charlas y para verlo dibujar sus cuadros.<\/p>\n<p>\u00bfSu nombre? Nosotros lo llamamos \u00abtelevisor\u00bb. .. Y tenga cuidado en su hogar, \u00a1porque ahora el Extra\u00f1o tiene una esposa que le llaman Computadora y un hijo que le llaman Celular!, se han apoderado de nuestra casa.<\/p>\n","protected":false},"excerpt":{"rendered":"<p>Unos cuantos a\u00f1os despu\u00e9s de que yo nac\u00ed, mi padre conoci\u00f3 a un extra\u00f1o en nuestra peque\u00f1a poblaci\u00f3n. Desde el principio mi padre qued\u00f3 fascinado con este reci\u00e9n llegado encantador personaje y enseguida le invit\u00f3 a que viviera con nuestra familia. El Extra\u00f1o acept\u00f3 y desde entonces ha estado con nosotros. Mientras yo crec\u00eda nunca &#8230; <a title=\"El Extra\u00f1o\" class=\"read-more\" href=\"https:\/\/quechilero.com\/blog\/2011\/08\/18\/el-extrano\/\" aria-label=\"Leer m\u00e1s sobre El Extra\u00f1o\">Leer m\u00e1s<\/a><\/p>\n","protected":false},"author":1,"featured_media":0,"comment_status":"open","ping_status":"open","sticky":false,"template":"","format":"standard","meta":{"advanced_seo_description":"","jetpack_seo_html_title":"","jetpack_seo_noindex":false,"jetpack_seo_schema_type":"","episode_type":"","audio_file":"","podmotor_file_id":"","podmotor_episode_id":"","cover_image":"","cover_image_id":"","duration":"","filesize":"","filesize_raw":"","date_recorded":"","explicit":"","block":"","_jetpack_newsletter_access":"","_jetpack_dont_email_post_to_subs":false,"_jetpack_newsletter_tier_id":0,"_jetpack_memberships_contains_paywalled_content":false,"_jetpack_feature_clip_id":0,"_jetpack_memberships_contains_paid_content":false,"footnotes":"","jetpack_publicize_message":"","jetpack_publicize_feature_enabled":true,"jetpack_social_post_already_shared":false,"jetpack_social_options":{"image_generator_settings":{"template":"highway","default_image_id":0,"font":"","enabled":false},"version":2},"jetpack_post_was_ever_published":false},"categories":[2],"tags":[11,32,17,39,42,40,35],"series":[],"class_list":["post-10092","post","type-post","status-publish","format-standard","hentry","category-limones","tag-amigo","tag-especial","tag-historia","tag-madre","tag-palabra","tag-paz","tag-sexo"],"episode_featured_image":false,"episode_player_image":"https:\/\/i0.wp.com\/quechilero.com\/blog\/imagenes\/podcast.png?fit=1831%2C1831&ssl=1","download_link":"","player_link":"","audio_player":false,"episode_data":{"playerMode":"dark","subscribeUrls":{"amazon":{"key":"amazon","url":"","label":"Amazon","class":"amazon","icon":"amazon.png"},"apple_podcasts":{"key":"apple_podcasts","url":"","label":"Apple Podcasts","class":"apple_podcasts","icon":"apple-podcasts.png"},"castbox":{"key":"castbox","url":"","label":"CastBox","class":"castbox","icon":"castbox.png"},"deezer":{"key":"deezer","url":"","label":"Deezer","class":"deezer","icon":"deezer.png"},"google_podcasts":{"key":"google_podcasts","url":"","label":"Google Podcasts","class":"google_podcasts","icon":"google-podcasts.png"},"listen_notes":{"key":"listen_notes","url":"","label":"Listen Notes","class":"listen_notes","icon":"listen-notes.png"},"pandora":{"key":"pandora","url":"","label":"Pandora","class":"pandora","icon":"pandora.png"},"podbean":{"key":"podbean","url":"","label":"Podbean","class":"podbean","icon":"podbean.png"},"podcast_republic":{"key":"podcast_republic","url":"","label":"Podcast Republic","class":"podcast_republic","icon":"podcast-republic.png"},"rss":{"key":"rss","url":"","label":"RSS","class":"rss","icon":"rss.png"},"spotify":{"key":"spotify","url":"","label":"Spotify","class":"spotify","icon":"spotify.png"},"stitcher":{"key":"stitcher","url":"","label":"Stitcher","class":"stitcher","icon":"stitcher.png"},"tunein":{"key":"tunein","url":"","label":"TuneIn","class":"tunein","icon":"tunein.png"},"youtube":{"key":"youtube","url":"","label":"YouTube","class":"youtube","icon":"youtube.png"},"iheartradio":{"key":"iheartradio","url":"","label":"iHeartRadio","class":"iheartradio","icon":"iheartradio.png"},"ivoox":{"key":"ivoox","url":"","label":"iVoox","class":"ivoox","icon":"ivoox.png"}},"rssFeedUrl":"https:\/\/quechilero.com\/blog\/feed\/podcast\/si-la-vida-nos-da-limones","embedCode":"<blockquote class=\"wp-embedded-content\" data-secret=\"gvAJAgaNWx\"><a href=\"https:\/\/quechilero.com\/blog\/2011\/08\/18\/el-extrano\/\">El Extra\u00f1o<\/a><\/blockquote><iframe sandbox=\"allow-scripts\" security=\"restricted\" src=\"https:\/\/quechilero.com\/blog\/2011\/08\/18\/el-extrano\/embed\/#?secret=gvAJAgaNWx\" width=\"500\" height=\"350\" title=\"\u00abEl Extra\u00f1o\u00bb \u2014 Si la Vida nos da Limones...\" data-secret=\"gvAJAgaNWx\" frameborder=\"0\" marginwidth=\"0\" marginheight=\"0\" scrolling=\"no\" class=\"wp-embedded-content\"><\/iframe><script>\n\/*! This file is auto-generated *\/\n!function(d,l){\"use strict\";l.querySelector&&d.addEventListener&&\"undefined\"!=typeof URL&&(d.wp=d.wp||{},d.wp.receiveEmbedMessage||(d.wp.receiveEmbedMessage=function(e){var t=e.data;if((t||t.secret||t.message||t.value)&&!\/[^a-zA-Z0-9]\/.test(t.secret)){for(var s,r,n,a=l.querySelectorAll('iframe[data-secret=\"'+t.secret+'\"]'),o=l.querySelectorAll('blockquote[data-secret=\"'+t.secret+'\"]'),c=new RegExp(\"^https?:$\",\"i\"),i=0;i<o.length;i++)o[i].style.display=\"none\";for(i=0;i<a.length;i++)s=a[i],e.source===s.contentWindow&&(s.removeAttribute(\"style\"),\"height\"===t.message?(1e3<(r=parseInt(t.value,10))?r=1e3:~~r<200&&(r=200),s.height=r):\"link\"===t.message&&(r=new URL(s.getAttribute(\"src\")),n=new URL(t.value),c.test(n.protocol))&&n.host===r.host&&l.activeElement===s&&(d.top.location.href=t.value))}},d.addEventListener(\"message\",d.wp.receiveEmbedMessage,!1),l.addEventListener(\"DOMContentLoaded\",function(){for(var e,t,s=l.querySelectorAll(\"iframe.wp-embedded-content\"),r=0;r<s.length;r++)(t=(e=s[r]).getAttribute(\"data-secret\"))||(t=Math.random().toString(36).substring(2,12),e.src+=\"#?secret=\"+t,e.setAttribute(\"data-secret\",t)),e.contentWindow.postMessage({message:\"ready\",secret:t},\"*\")},!1)))}(window,document);\n\/\/# sourceURL=https:\/\/quechilero.com\/blog\/wp-includes\/js\/wp-embed.min.js\n<\/script>\n"},"jetpack_publicize_connections":[],"jetpack_shortlink":"https:\/\/wp.me\/pDKli-2CM","jetpack_sharing_enabled":true,"jetpack-related-posts":[{"id":4970,"url":"https:\/\/quechilero.com\/blog\/2010\/06\/17\/carta-a-mi-padre\/","url_meta":{"origin":10092,"position":0},"title":"Carta a mi padre","author":"Pepe Barrascout Ortiz","date":"17 junio 2010","format":false,"excerpt":"Casi todos los padres, deseamos que nuestros hijos sean mejores y les ense\u00f1amos a vivir realidades y, sobre todo, que aprendan a decidir por s\u00ed mismos y a aceptar la responsabilidad por sus acciones, para que nunca se lamenten que otros forjaron su destino, pero que sepan que no est\u00e1n\u2026","rel":"","context":"En \u00abLimones\u00bb","block_context":{"text":"Limones","link":"https:\/\/quechilero.com\/blog\/category\/limones\/"},"img":{"alt_text":"","src":"","width":0,"height":0},"classes":[]},{"id":289,"url":"https:\/\/quechilero.com\/blog\/2006\/11\/11\/los-ojos-del-amor\/","url_meta":{"origin":10092,"position":1},"title":"Los ojos del amor","author":"Pepe Barrascout Ortiz","date":"11 noviembre 2006","format":false,"excerpt":"La formaci\u00f3n del primog\u00e9nito del emperador era vast\u00edsima a pesar de su corta edad. No ten\u00eda nada de extra\u00f1o, pues el instructor querido por su padre era el hombre m\u00e1s sabio e inteligente del imperio; un anciano al que todos respetaban (\u00a1incluida la familia imperial!) Todo el mundo conoc\u00eda la\u2026","rel":"","context":"En \u00abLimones\u00bb","block_context":{"text":"Limones","link":"https:\/\/quechilero.com\/blog\/category\/limones\/"},"img":{"alt_text":"","src":"","width":0,"height":0},"classes":[]},{"id":16852,"url":"https:\/\/quechilero.com\/blog\/2013\/07\/28\/en-soledad-pero-no-solo\/","url_meta":{"origin":10092,"position":2},"title":"En soledad, pero no solo","author":"Pepe Barrascout Ortiz","date":"28 julio 2013","format":false,"excerpt":"La breve nota que me envi\u00f3 dec\u00eda mucho. - Soy una persona incapacitada en una silla de ruedas -escribi\u00f3-. Me siento sola, a pesar de que s\u00e9 que nunca estoy sola. Dios siempre est\u00e1 presente. No tengo mucha gente con quien hablar. La palabra soledad ha sido considerada la m\u00e1s\u2026","rel":"","context":"En \u00abLimones\u00bb","block_context":{"text":"Limones","link":"https:\/\/quechilero.com\/blog\/category\/limones\/"},"img":{"alt_text":"","src":"","width":0,"height":0},"classes":[]},{"id":5342,"url":"https:\/\/quechilero.com\/blog\/2010\/08\/26\/maraton-de-blogs-marimba-contreras\/","url_meta":{"origin":10092,"position":3},"title":"Marat\u00f3n de Blogs: Marimba Contreras","author":"Pepe Barrascout Ortiz","date":"26 agosto 2010","format":false,"excerpt":"En enero de 2010, Marimba Contreras inicia sus publicaciones, de ese tiempo para ac\u00e1, ha publicado de forma constante, una media de casi 4 art\u00edculos por mes, bastante bien, tomando en cuenta que es un blog nuevo. Utiliza una de las plantillas b\u00e1sicas de blogspot, donde se encuentra alojado, sin\u2026","rel":"","context":"En \u00abBlogs de Guatemala\u00bb","block_context":{"text":"Blogs de Guatemala","link":"https:\/\/quechilero.com\/blog\/category\/blogs-de-guatemala\/"},"img":{"alt_text":"","src":"https:\/\/i0.wp.com\/i392.photobucket.com\/albums\/pp7\/pepejaguar\/maraton\/marimbacontreras.png?resize=350%2C200","width":350,"height":200,"srcset":"https:\/\/i0.wp.com\/i392.photobucket.com\/albums\/pp7\/pepejaguar\/maraton\/marimbacontreras.png?resize=350%2C200 1x, https:\/\/i0.wp.com\/i392.photobucket.com\/albums\/pp7\/pepejaguar\/maraton\/marimbacontreras.png?resize=525%2C300 1.5x"},"classes":[]},{"id":12445,"url":"https:\/\/quechilero.com\/blog\/2012\/06\/13\/tenia-confianza-en-su-padre\/","url_meta":{"origin":10092,"position":4},"title":"Ten\u00eda confianza en su padre","author":"Pepe Barrascout Ortiz","date":"13 junio 2012","format":false,"excerpt":"Un grupo de turistas en la regi\u00f3n monta\u00f1osa de Escocia quer\u00eda apoderarse de algunos huevos que estaban en un nido situado en un lugar inaccesible frente a un precipicio. Trataron de convencer a un ni\u00f1o que viv\u00eda por all\u00ed cerca de que pod\u00eda bajar hasta donde estaba el nido si\u2026","rel":"","context":"En \u00abLimones\u00bb","block_context":{"text":"Limones","link":"https:\/\/quechilero.com\/blog\/category\/limones\/"},"img":{"alt_text":"","src":"","width":0,"height":0},"classes":[]},{"id":27327,"url":"https:\/\/quechilero.com\/blog\/2010\/10\/03\/el-santo-rosario-misterios-gloriosos\/","url_meta":{"origin":10092,"position":5},"title":"El Santo Rosario: Misterios Gloriosos","author":"Pepe Barrascout Ortiz","date":"3 octubre 2010","format":false,"excerpt":"Los Misterios Gloriosos los rezamos los Domingos y Martes \u00a0 En el nombre del Padre, y del Hijo, y del Esp\u00edritu Santo. Am\u00e9n. Dios m\u00edo, ven en mi auxilio. Se\u00f1or, date prisa en socorrerme. Gloria al Padre, Gloria al Hijo y Gloria al Esp\u00edritu Santo, Am\u00e9n. Primer Misterio Glorioso. La\u2026","rel":"","context":"En \u00abEl Santo Rosario\u00bb","block_context":{"text":"El Santo Rosario","link":"https:\/\/quechilero.com\/blog\/category\/podcast\/el-santo-rosario\/"},"img":{"alt_text":"Misterios Gloriosos","src":"https:\/\/i0.wp.com\/i392.photobucket.com\/albums\/pp7\/pepejaguar\/blog\/Misterios-Gloriosos_zps93f1b8d6.jpg?resize=350%2C200","width":350,"height":200,"srcset":"https:\/\/i0.wp.com\/i392.photobucket.com\/albums\/pp7\/pepejaguar\/blog\/Misterios-Gloriosos_zps93f1b8d6.jpg?resize=350%2C200 1x, https:\/\/i0.wp.com\/i392.photobucket.com\/albums\/pp7\/pepejaguar\/blog\/Misterios-Gloriosos_zps93f1b8d6.jpg?resize=525%2C300 1.5x"},"classes":[]}],"jetpack_featured_media_url":"","_links":{"self":[{"href":"https:\/\/quechilero.com\/blog\/wp-json\/wp\/v2\/posts\/10092","targetHints":{"allow":["GET"]}}],"collection":[{"href":"https:\/\/quechilero.com\/blog\/wp-json\/wp\/v2\/posts"}],"about":[{"href":"https:\/\/quechilero.com\/blog\/wp-json\/wp\/v2\/types\/post"}],"author":[{"embeddable":true,"href":"https:\/\/quechilero.com\/blog\/wp-json\/wp\/v2\/users\/1"}],"replies":[{"embeddable":true,"href":"https:\/\/quechilero.com\/blog\/wp-json\/wp\/v2\/comments?post=10092"}],"version-history":[{"count":0,"href":"https:\/\/quechilero.com\/blog\/wp-json\/wp\/v2\/posts\/10092\/revisions"}],"wp:attachment":[{"href":"https:\/\/quechilero.com\/blog\/wp-json\/wp\/v2\/media?parent=10092"}],"wp:term":[{"taxonomy":"category","embeddable":true,"href":"https:\/\/quechilero.com\/blog\/wp-json\/wp\/v2\/categories?post=10092"},{"taxonomy":"post_tag","embeddable":true,"href":"https:\/\/quechilero.com\/blog\/wp-json\/wp\/v2\/tags?post=10092"},{"taxonomy":"series","embeddable":true,"href":"https:\/\/quechilero.com\/blog\/wp-json\/wp\/v2\/series?post=10092"}],"curies":[{"name":"wp","href":"https:\/\/api.w.org\/{rel}","templated":true}]}}