{"id":100,"date":"2006-08-01T08:41:18","date_gmt":"2006-08-01T14:41:18","guid":{"rendered":"http:\/\/quechilero.com\/blog\/2006\/08\/01\/firefox-200000000\/"},"modified":"2006-08-01T08:41:18","modified_gmt":"2006-08-01T14:41:18","slug":"firefox-200000000","status":"publish","type":"post","link":"https:\/\/quechilero.com\/blog\/2006\/08\/01\/firefox-200000000\/","title":{"rendered":"FireFox &#8211; 200,000,000"},"content":{"rendered":"<p>Parece que ese es el n\u00famero de moda en estos d\u00edas, anteayer <a href=\"http:\/\/quechilero.com\/blog\/2006\/07\/30\/flickr-200000000\/\">coment\u00e1bamos<\/a> que <a target=\"_blank\" href=\"http:\/\/www.flickr.com\">Flickr<\/a> el sevicio de hospedaje de im\u00e1genes hab\u00eda llegado a la im\u00e1gen <a href=\"http:\/\/quechilero.com\/blog\/2006\/07\/30\/flickr-200000000\/\">200,000,000<\/a>, ahora desde <a target=\"_blank\" href=\"http:\/\/www.spreadfirefox.com\/node\/24503\">Spread Firefox<\/a> informan que ayer se alcanz\u00f3 este n\u00famero en las descargas del cada vez m\u00e1s popular navegador.<\/p>\n<p>Sin embargo como ellos mismos comentan, que se haya descargado ese n\u00famero de veces no quiere decir que sea el n\u00famero de usuarios que hay.<\/p>\n<p>Firefox a\u00fan no toma un gran auge al menos en nuestros pa\u00edses latinoamericanos y en particular en Guatemala, en pa\u00edses de europa he le\u00eddo por all\u00ed que tiene una penetraci\u00f3n de un poco m\u00e1s del 30%. Sin embargo hoy precisamente le estaba hablando a un cliente a los que les doy soporte y cuando dije que yo usaba FireFox, el me pregunt\u00f3 \u00bfy eso que es?, y para rematar dice, es la primera vez que oigo eso. Lo bueno es que 200 millones ya lo han o\u00eddo, aunque su comentario es el fiel reflejo de lo que sucede en nuestro pa\u00eds, tan atrasado educativamente como tecnol\u00f3gicamente, acostumbrados a no ver m\u00e1s all\u00e1 de lo que est\u00e1 instalado <em>por defecto<\/em>, otro d\u00eda me extender\u00e9 m\u00e1s en este tema.<\/p>\n<p>Descargas en tiempo real: <iframe loading=\"lazy\" width=\"150\" scrolling=\"no\" height=\"15\" frameborder=\"0\" src=\"http:\/\/www.infocraft.com\/projects\/firefox_counter\/frame.php\">Get Firefox!<\/iframe><\/p>\n<p>Mientras tanto, saludos a <a target=\"_blank\" href=\"http:\/\/www.mozilla.com\">Mozilla<\/a> y <a target=\"_blank\" href=\"http:\/\/www.getfirefox.com\">Firefox<\/a>.<\/p>\n<p><a title=\"Photo Sharing\" target=\"new\" href=\"http:\/\/www.flickr.com\/photos\/pepejaguar\/203896780\/\"><img data-recalc-dims=\"1\" loading=\"lazy\" decoding=\"async\" width=\"421\" height=\"474\" border=\"0\" alt=\"Firefox 200 millones\" src=\"https:\/\/i0.wp.com\/static.flickr.com\/76\/203896780_981d5072ed.jpg?resize=421%2C474\" \/><\/a><\/p>\n","protected":false},"excerpt":{"rendered":"<p>Parece que ese es el n\u00famero de moda en estos d\u00edas, anteayer coment\u00e1bamos que Flickr el sevicio de hospedaje de im\u00e1genes hab\u00eda llegado a la im\u00e1gen 200,000,000, ahora desde Spread Firefox informan que ayer se alcanz\u00f3 este n\u00famero en las descargas del cada vez m\u00e1s popular navegador. Sin embargo como ellos mismos comentan, que se &#8230; <a title=\"FireFox &#8211; 200,000,000\" class=\"read-more\" href=\"https:\/\/quechilero.com\/blog\/2006\/08\/01\/firefox-200000000\/\" aria-label=\"Leer m\u00e1s sobre FireFox &#8211; 200,000,000\">Leer m\u00e1s<\/a><\/p>\n","protected":false},"author":1,"featured_media":0,"comment_status":"open","ping_status":"open","sticky":false,"template":"","format":"standard","meta":{"advanced_seo_description":"","jetpack_seo_html_title":"","jetpack_seo_noindex":false,"jetpack_seo_schema_type":"","episode_type":"","audio_file":"","podmotor_file_id":"","podmotor_episode_id":"","cover_image":"","cover_image_id":"","duration":"","filesize":"","filesize_raw":"","date_recorded":"","explicit":"","block":"","_jetpack_newsletter_access":"","_jetpack_dont_email_post_to_subs":false,"_jetpack_newsletter_tier_id":0,"_jetpack_memberships_contains_paywalled_content":false,"_jetpack_feature_clip_id":0,"_jetpack_memberships_contains_paid_content":false,"footnotes":"","jetpack_publicize_message":"","jetpack_publicize_feature_enabled":true,"jetpack_social_post_already_shared":false,"jetpack_social_options":{"image_generator_settings":{"template":"highway","default_image_id":0,"font":"","enabled":false},"version":2},"jetpack_post_was_ever_published":false},"categories":[2],"tags":[4,70,10,5],"series":[],"class_list":["post-100","post","type-post","status-publish","format-standard","hentry","category-limones","tag-blog","tag-descarga","tag-guatemala","tag-tiempo"],"episode_featured_image":false,"episode_player_image":"https:\/\/i0.wp.com\/quechilero.com\/blog\/imagenes\/podcast.png?fit=1831%2C1831&ssl=1","download_link":"","player_link":"","audio_player":false,"episode_data":{"playerMode":"dark","subscribeUrls":{"amazon":{"key":"amazon","url":"","label":"Amazon","class":"amazon","icon":"amazon.png"},"apple_podcasts":{"key":"apple_podcasts","url":"","label":"Apple Podcasts","class":"apple_podcasts","icon":"apple-podcasts.png"},"castbox":{"key":"castbox","url":"","label":"CastBox","class":"castbox","icon":"castbox.png"},"deezer":{"key":"deezer","url":"","label":"Deezer","class":"deezer","icon":"deezer.png"},"google_podcasts":{"key":"google_podcasts","url":"","label":"Google Podcasts","class":"google_podcasts","icon":"google-podcasts.png"},"listen_notes":{"key":"listen_notes","url":"","label":"Listen Notes","class":"listen_notes","icon":"listen-notes.png"},"pandora":{"key":"pandora","url":"","label":"Pandora","class":"pandora","icon":"pandora.png"},"podbean":{"key":"podbean","url":"","label":"Podbean","class":"podbean","icon":"podbean.png"},"podcast_republic":{"key":"podcast_republic","url":"","label":"Podcast Republic","class":"podcast_republic","icon":"podcast-republic.png"},"rss":{"key":"rss","url":"","label":"RSS","class":"rss","icon":"rss.png"},"spotify":{"key":"spotify","url":"","label":"Spotify","class":"spotify","icon":"spotify.png"},"stitcher":{"key":"stitcher","url":"","label":"Stitcher","class":"stitcher","icon":"stitcher.png"},"tunein":{"key":"tunein","url":"","label":"TuneIn","class":"tunein","icon":"tunein.png"},"youtube":{"key":"youtube","url":"","label":"YouTube","class":"youtube","icon":"youtube.png"},"iheartradio":{"key":"iheartradio","url":"","label":"iHeartRadio","class":"iheartradio","icon":"iheartradio.png"},"ivoox":{"key":"ivoox","url":"","label":"iVoox","class":"ivoox","icon":"ivoox.png"}},"rssFeedUrl":"https:\/\/quechilero.com\/blog\/feed\/podcast\/si-la-vida-nos-da-limones","embedCode":"<blockquote class=\"wp-embedded-content\" data-secret=\"0qSoABCSU4\"><a href=\"https:\/\/quechilero.com\/blog\/2006\/08\/01\/firefox-200000000\/\">FireFox &#8211; 200,000,000<\/a><\/blockquote><iframe sandbox=\"allow-scripts\" security=\"restricted\" src=\"https:\/\/quechilero.com\/blog\/2006\/08\/01\/firefox-200000000\/embed\/#?secret=0qSoABCSU4\" width=\"500\" height=\"350\" title=\"\u00abFireFox &#8211; 200,000,000\u00bb \u2014 Si la Vida nos da Limones...\" data-secret=\"0qSoABCSU4\" frameborder=\"0\" marginwidth=\"0\" marginheight=\"0\" scrolling=\"no\" class=\"wp-embedded-content\"><\/iframe><script>\n\/*! This file is auto-generated *\/\n!function(d,l){\"use strict\";l.querySelector&&d.addEventListener&&\"undefined\"!=typeof URL&&(d.wp=d.wp||{},d.wp.receiveEmbedMessage||(d.wp.receiveEmbedMessage=function(e){var t=e.data;if((t||t.secret||t.message||t.value)&&!\/[^a-zA-Z0-9]\/.test(t.secret)){for(var s,r,n,a=l.querySelectorAll('iframe[data-secret=\"'+t.secret+'\"]'),o=l.querySelectorAll('blockquote[data-secret=\"'+t.secret+'\"]'),c=new RegExp(\"^https?:$\",\"i\"),i=0;i<o.length;i++)o[i].style.display=\"none\";for(i=0;i<a.length;i++)s=a[i],e.source===s.contentWindow&&(s.removeAttribute(\"style\"),\"height\"===t.message?(1e3<(r=parseInt(t.value,10))?r=1e3:~~r<200&&(r=200),s.height=r):\"link\"===t.message&&(r=new URL(s.getAttribute(\"src\")),n=new URL(t.value),c.test(n.protocol))&&n.host===r.host&&l.activeElement===s&&(d.top.location.href=t.value))}},d.addEventListener(\"message\",d.wp.receiveEmbedMessage,!1),l.addEventListener(\"DOMContentLoaded\",function(){for(var e,t,s=l.querySelectorAll(\"iframe.wp-embedded-content\"),r=0;r<s.length;r++)(t=(e=s[r]).getAttribute(\"data-secret\"))||(t=Math.random().toString(36).substring(2,12),e.src+=\"#?secret=\"+t,e.setAttribute(\"data-secret\",t)),e.contentWindow.postMessage({message:\"ready\",secret:t},\"*\")},!1)))}(window,document);\n\/\/# sourceURL=https:\/\/quechilero.com\/blog\/wp-includes\/js\/wp-embed.min.js\n<\/script>\n"},"jetpack_publicize_connections":[],"jetpack_shortlink":"https:\/\/wp.me\/pDKli-1C","jetpack_sharing_enabled":true,"jetpack-related-posts":[{"id":317,"url":"https:\/\/quechilero.com\/blog\/2006\/10\/24\/una-mala-y-una-buena-de-firefox-2\/","url_meta":{"origin":100,"position":0},"title":"Una mala y una buena de Firefox 2","author":"Pepe Barrascout Ortiz","date":"24 octubre 2006","format":false,"excerpt":"Desde hace unos d\u00edas he estado siguiendo los avances que han tenido las diferentes RC1, luego RC2 y finalmente la RC3 de FireFox 2, sin embargo decid\u00ed no instalar ninguno de estos candidatos hasta que no saliera la versi\u00f3n definitiva. Posteriormente se anunci\u00f3 para hace algunas semanas que ya estar\u00eda\u2026","rel":"","context":"En \u00abLimones\u00bb","block_context":{"text":"Limones","link":"https:\/\/quechilero.com\/blog\/category\/limones\/"},"img":{"alt_text":"","src":"","width":0,"height":0},"classes":[]},{"id":508,"url":"https:\/\/quechilero.com\/blog\/2007\/03\/23\/plugin-para-firefox-e-ie\/","url_meta":{"origin":100,"position":1},"title":"Plugin para Firefox e IE","author":"Pepe Barrascout Ortiz","date":"23 marzo 2007","format":false,"excerpt":"Para hacer mucho mas f\u00e1cil la consulta del material archivado en el directorio de los Blogs de Guatemala, se ha agregado un pluggin que se puede instalar en FireFox 2+ o en Internet Explorer 7+, este pluggin permite realizar b\u00fasquedas en la base de datos del directorio y encontrar textos\u2026","rel":"","context":"En \u00abLimones\u00bb","block_context":{"text":"Limones","link":"https:\/\/quechilero.com\/blog\/category\/limones\/"},"img":{"alt_text":"","src":"","width":0,"height":0},"classes":[]},{"id":626,"url":"https:\/\/quechilero.com\/blog\/2007\/08\/09\/maraton-de-blogs-firefox-rapido-y-ligero\/","url_meta":{"origin":100,"position":2},"title":"Marat\u00f3n de Blogs &#8211; FireFox r\u00e1pido y ligero","author":"Pepe Barrascout Ortiz","date":"9 agosto 2007","format":false,"excerpt":"Sigue el Marat\u00f3n de Blogs, con este texto publicado originalmente en el blog Chapin Proyect, excelentes consejos sobre FireFox mi navegador web favorito. Ya de por si es muy r\u00e1pido y con estos consejos se vuelve a\u00fan m\u00e1s r\u00e1pido de utilizar. Para los que a\u00fan siguen usando Internet Explorer, preg\u00fantense\u2026","rel":"","context":"En \u00abLimones\u00bb","block_context":{"text":"Limones","link":"https:\/\/quechilero.com\/blog\/category\/limones\/"},"img":{"alt_text":"","src":"","width":0,"height":0},"classes":[]},{"id":80,"url":"https:\/\/quechilero.com\/blog\/2006\/07\/31\/el-uso-de-memoria-en-firefox\/","url_meta":{"origin":100,"position":3},"title":"El uso de memoria en Firefox","author":"Pepe Barrascout Ortiz","date":"31 julio 2006","format":false,"excerpt":"Un art\u00edculo interesante sobre las p\u00e9rdidas de memoria en Firefox. Se puede leer como identificarlos y lo que se puede hacer. Incluye un listado de los elementos conocidos de p\u00e9rdida de memoria. El texto fue traducido al espa\u00f1ol del original en ingl\u00e9s. La traducci\u00f3n estubo a cargo de www.enespanol.com.ar El\u2026","rel":"","context":"En \u00abLimones\u00bb","block_context":{"text":"Limones","link":"https:\/\/quechilero.com\/blog\/category\/limones\/"},"img":{"alt_text":"Firefox","src":"https:\/\/i0.wp.com\/static.flickr.com\/72\/200608477_ecbbc0093d_o.png?resize=350%2C200","width":350,"height":200},"classes":[]},{"id":361,"url":"https:\/\/quechilero.com\/blog\/2006\/11\/06\/viva-firefox\/","url_meta":{"origin":100,"position":4},"title":"Viva FireFox","author":"Pepe Barrascout Ortiz","date":"6 noviembre 2006","format":false,"excerpt":"Viva FireFox ha convocado a todos los FireFoxeros a participar de una campa\u00f1a que est\u00e1 lanzando, la cual consiste en crear el dise\u00f1o de un anuncio que se publicar\u00e1 a p\u00e1gina completa en uno de los peri\u00f3dicos de mayor circulaci\u00f3n en Chile, promoviendo por supuesto, el uso de FireFox. Esa\u2026","rel":"","context":"En \u00abLimones\u00bb","block_context":{"text":"Limones","link":"https:\/\/quechilero.com\/blog\/category\/limones\/"},"img":{"alt_text":"","src":"","width":0,"height":0},"classes":[]},{"id":7,"url":"https:\/\/quechilero.com\/blog\/2006\/06\/19\/add-on-para-firefox\/","url_meta":{"origin":100,"position":5},"title":"Add-on para FireFox","author":"Pepe Barrascout Ortiz","date":"19 junio 2006","format":false,"excerpt":"A prop\u00f3sito del mundial de futbol en Alemania, he encontrado un add-on para FireFox donde se pueden ver los resultados en tiempo real adem\u00e1s de otros datos interesantes. El archivo est\u00e1 en Alem\u00e1n pero eso no impide que se pueda disfrutar. Se puede descargar en: http:\/\/www.hpi.uni-potsdam.de\/footiefox","rel":"","context":"En \u00abLimones\u00bb","block_context":{"text":"Limones","link":"https:\/\/quechilero.com\/blog\/category\/limones\/"},"img":{"alt_text":"","src":"","width":0,"height":0},"classes":[]}],"jetpack_featured_media_url":"","_links":{"self":[{"href":"https:\/\/quechilero.com\/blog\/wp-json\/wp\/v2\/posts\/100","targetHints":{"allow":["GET"]}}],"collection":[{"href":"https:\/\/quechilero.com\/blog\/wp-json\/wp\/v2\/posts"}],"about":[{"href":"https:\/\/quechilero.com\/blog\/wp-json\/wp\/v2\/types\/post"}],"author":[{"embeddable":true,"href":"https:\/\/quechilero.com\/blog\/wp-json\/wp\/v2\/users\/1"}],"replies":[{"embeddable":true,"href":"https:\/\/quechilero.com\/blog\/wp-json\/wp\/v2\/comments?post=100"}],"version-history":[{"count":0,"href":"https:\/\/quechilero.com\/blog\/wp-json\/wp\/v2\/posts\/100\/revisions"}],"wp:attachment":[{"href":"https:\/\/quechilero.com\/blog\/wp-json\/wp\/v2\/media?parent=100"}],"wp:term":[{"taxonomy":"category","embeddable":true,"href":"https:\/\/quechilero.com\/blog\/wp-json\/wp\/v2\/categories?post=100"},{"taxonomy":"post_tag","embeddable":true,"href":"https:\/\/quechilero.com\/blog\/wp-json\/wp\/v2\/tags?post=100"},{"taxonomy":"series","embeddable":true,"href":"https:\/\/quechilero.com\/blog\/wp-json\/wp\/v2\/series?post=100"}],"curies":[{"name":"wp","href":"https:\/\/api.w.org\/{rel}","templated":true}]}}